{"id":74,"date":"2018-02-21T16:40:54","date_gmt":"2018-02-21T15:40:54","guid":{"rendered":"http:\/\/www.tiveriaparis.com\/site\/?p=74"},"modified":"2019-02-12T11:31:04","modified_gmt":"2019-02-12T10:31:04","slug":"nos-organisations-devenements-en-2013","status":"publish","type":"post","link":"https:\/\/www.invictus-event.com\/site\/nos-organisations-devenements-en-2013\/","title":{"rendered":"Ev\u00e9nements 2013"},"content":{"rendered":"<div class=\"wpb-content-wrapper\"><p>[vc_row][vc_column width=\u00a0\u00bb1\/4&Prime;][vc_single_image image=\u00a0\u00bb297&Prime; img_size=\u00a0\u00bbfull\u00a0\u00bb][\/vc_column][vc_column width=\u00a0\u00bb3\/4&Prime;][vc_column_text]<strong>SOIREE DE FIN D\u2019ANNEE<\/strong><\/p>\n<p>Date : 18 d\u00e9cembre 2013<\/p>\n<p>Lieu : Si\u00e8ge de l\u2019entreprise concern\u00e9e<\/p>\n<p>Client: Equipement industriel<\/p>\n<p>Format: Une demi-journ\u00e9e \u2013 180 personnes, enfants et parents<\/p>\n<p>Soir\u00e9e de fin d\u2019ann\u00e9e dans le showroom du si\u00e8ge de la soci\u00e9t\u00e9 sur le th\u00e8me du Cirque. Nombreuses animations et th\u00e9matique traiteur autour du monde circassien pour le plaisir des petits et des grands : ateliers de jonglage, atelier \u00e9quilibrisme, chamboule-tout, stand photos, \u00e9chassiers, cr\u00eapes, gaufres, pomme d\u2019amour\u2026[\/vc_column_text][\/vc_column][\/vc_row][vc_row][vc_column][vc_separator][\/vc_column][\/vc_row][vc_row][vc_column width=\u00a0\u00bb1\/4&Prime;][vc_single_image image=\u00a0\u00bb298&Prime; img_size=\u00a0\u00bbfull\u00a0\u00bb][\/vc_column][vc_column width=\u00a0\u00bb3\/4&Prime;][vc_column_text]<strong>SEMINAIRE COMMERCIAUX<\/strong><\/p>\n<p>Date : 16 et 17 d\u00e9cembre 2013<\/p>\n<p>Lieu : H\u00f4tel Novotel Roissy CDG<\/p>\n<p>Client : Aromath\u00e9rapie scientifique<\/p>\n<p>Format : 2 jours \u2013 35 personnes<\/p>\n<p>R\u00e9union toute la journ\u00e9e, soir\u00e9e au Manoir de Gressy, d\u00eener avec magicien.[\/vc_column_text][\/vc_column][\/vc_row][vc_row][vc_column][vc_separator][\/vc_column][\/vc_row][vc_row][vc_column width=\u00a0\u00bb1\/4&Prime;][vc_single_image image=\u00a0\u00bb299&Prime; img_size=\u00a0\u00bbfull\u00a0\u00bb][\/vc_column][vc_column width=\u00a0\u00bb3\/4&Prime;][vc_column_text]<strong>SOIREES DE NO\u00cbL<\/strong><\/p>\n<p>Date : 13 d\u00e9cembre 2013<\/p>\n<p>Lieu : Palais des Congr\u00e8s \u00e0 Arcachon et Le Domaine de Champigny \u00e0 Crisenoy<\/p>\n<p>Client : Domaine de la production et exploitation de p\u00e9trole<\/p>\n<p>Format : 1 soir\u00e9e de No\u00ebl similaire dans les deux lieux \u2013170 personnes au total<\/p>\n<p>D\u00e9coration de la salle th\u00e8me No\u00ebl, accueil Champagne et ap\u00e9ritif, animation caricaturiste, d\u00e9gustation d\u2019insectes et visite d\u2019une collection de voitures de luxe, d\u00eener assis puis soir\u00e9e dansante.[\/vc_column_text][\/vc_column][\/vc_row][vc_row][vc_column][vc_separator][\/vc_column][\/vc_row][vc_row][vc_column width=\u00a0\u00bb1\/4&Prime;][vc_single_image image=\u00a0\u00bb300&Prime; img_size=\u00a0\u00bbfull\u00a0\u00bb][\/vc_column][vc_column width=\u00a0\u00bb3\/4&Prime;][vc_column_text]<strong>SOIREE INTERNE<\/strong><\/p>\n<p>Date : 11 d\u00e9cembre 2013<\/p>\n<p>Lieu : Maison Blanche \u2013 Paris<\/p>\n<p>Client : Location de mat\u00e9riel, BTP<\/p>\n<p>Format : Soir\u00e9e \u2013 115 personnes<\/p>\n<p>Cocktail ap\u00e9ritif et d\u00eener buffet avec orchestre de jazz, magiciens, soir\u00e9e dansante avec DJ.[\/vc_column_text][\/vc_column][\/vc_row][vc_row][vc_column][vc_separator][\/vc_column][\/vc_row][vc_row][vc_column width=\u00a0\u00bb1\/4&Prime;][vc_single_image image=\u00a0\u00bb301&Prime; img_size=\u00a0\u00bbfull\u00a0\u00bb][\/vc_column][vc_column width=\u00a0\u00bb3\/4&Prime;][vc_column_text]<strong>CONVENTION ANNUELLE<\/strong><\/p>\n<p>Date : 14 novembre 2013<\/p>\n<p>Lieu : Maison des Arts et M\u00e9tiers \u2013 Paris<\/p>\n<p>Client : Domaine des collectivit\u00e9s territoriales et du secteur public<\/p>\n<p>Format : 1 journ\u00e9e \u2013 110 personnes<\/p>\n<p>Accueil caf\u00e9, r\u00e9union toute la journ\u00e9e, ap\u00e9ritif puis d\u00e9jeuner assis dans les salons privatifs de la Maison des Arts et M\u00e9tiers.[\/vc_column_text][\/vc_column][\/vc_row][vc_row][vc_column][vc_separator][\/vc_column][\/vc_row][vc_row][vc_column width=\u00a0\u00bb1\/4&Prime;][vc_single_image image=\u00a0\u00bb302&Prime; img_size=\u00a0\u00bbfull\u00a0\u00bb][\/vc_column][vc_column width=\u00a0\u00bb3\/4&Prime;][vc_column_text]<strong>ASSEMBLEE GENERALE A VENISE<\/strong><\/p>\n<p>Date : 17 au 20 octobre 2013<\/p>\n<p>Lieu : Venise, Italie<\/p>\n<p>Client : Amicale d\u2019Avocats<\/p>\n<p>Format : Assembl\u00e9e G\u00e9n\u00e9rale \u2013 150 personnes<\/p>\n<p>H\u00e9bergement dans 2 h\u00f4tels au c\u0153ur de Venise (Monaco et Grand Canal, Bauer) ; D\u00eener du Conseil administratif au restaurant Antico Martini pr\u00e8s de la Fenice ; R\u00e9union au Monaco et Grand Canal ; Visite nocturne privative du Palais des Doges ; D\u00eener de Gala \u00e0 la Scuola San Giovanni avec les Dogaresses de Venise et 3 t\u00e9nors ; Excursions et visites (Squero San Trovaso, \u00eele de Murano, Fondation Pinault, Mus\u00e9e Ca Rezzonico).[\/vc_column_text][\/vc_column][\/vc_row][vc_row][vc_column][vc_separator][\/vc_column][\/vc_row][vc_row][vc_column width=\u00a0\u00bb1\/4&Prime;][vc_single_image image=\u00a0\u00bb303&Prime; img_size=\u00a0\u00bbfull\u00a0\u00bb][\/vc_column][vc_column width=\u00a0\u00bb3\/4&Prime;][vc_column_text]<strong>SEJOUR VIP<\/strong><\/p>\n<p>Date : 14 au 16 octobre 2013<\/p>\n<p>Lieu : Sud de la France, Cannes, Saint Paul de Vence, \u00eele St Honorat<\/p>\n<p>Format : S\u00e9jour VIP<\/p>\n<p>H\u00e9bergement \u00e0 l\u2019h\u00f4tel Royal Riviera \u00e0 St Jean Cap Ferrat avec vue sur mer ; D\u00eener \u00e0 La m\u00e8re Germaine ;<\/p>\n<p>D\u00e9gustation dans les vignes de l\u2019\u00eele St Honorat ; Visite du village de Saint Paul de Vence et tournoi de p\u00e9tanque ; D\u00eener \u00e0 La Colombe d\u2019Or.[\/vc_column_text][\/vc_column][\/vc_row][vc_row][vc_column][vc_separator][\/vc_column][\/vc_row][vc_row][vc_column width=\u00a0\u00bb1\/4&Prime;][vc_single_image image=\u00a0\u00bb304&Prime; img_size=\u00a0\u00bbfull\u00a0\u00bb][\/vc_column][vc_column width=\u00a0\u00bb3\/4&Prime;][vc_column_text]<strong>CONGRES A MONTREAL<\/strong><\/p>\n<p>Date : 18 au 25 septembre 2013<\/p>\n<p>Lieu : Canada, Montr\u00e9al<\/p>\n<p>Client : Assureurs fran\u00e7ais<\/p>\n<p>Format : Congr\u00e8s \u2013 400 personnes<\/p>\n<p>R\u00e9union au Palais des congr\u00e8s de Montr\u00e9al ; Privatisation du restaurant l\u2019Epicier dans le vieux Montr\u00e9al pour le d\u00eener du Comit\u00e9 de direction ; H\u00e9bergement des congressistes dans 5 h\u00f4tels \u00e0 Montr\u00e9al (h\u00f4tel Place d\u2019Arme, Intercontinental, Sofitel, Novotel, Le Dauphin); D\u00eener de Gala \u00e0 l\u2019Arsenal et spectacle priv\u00e9 de Robert Charlebois ; Excursions dans les Laurentides et visites (cano\u00eb, randonn\u00e9es, d\u00e9jeuner Village Mont Tremblant, privatisation du parc du Mont Tremblant) ; Excursion dans l\u2019Outaouais, d\u00e9couverte du Ch\u00e2teau Montebello, surprise transfert retour auto-stoppeur chansonnier qu\u00e9b\u00e9cois ; Extensions de s\u00e9jour (Qu\u00e9bec, Sacacomie, Tadoussac, Ile d\u2019orl\u00e9ans).[\/vc_column_text][\/vc_column][\/vc_row][vc_row][vc_column][vc_separator][\/vc_column][\/vc_row][vc_row][vc_column width=\u00a0\u00bb1\/4&Prime;][vc_single_image image=\u00a0\u00bb305&Prime; img_size=\u00a0\u00bbfull\u00a0\u00bb][\/vc_column][vc_column width=\u00a0\u00bb3\/4&Prime;][vc_column_text]<strong>SOIREE CLIENTS<\/strong><\/p>\n<p>Date : 25 septembre 2013<\/p>\n<p>Lieu : Lyon, bateau Herm\u00e9s<\/p>\n<p>Format : Soir\u00e9e clients \u00e0 bord<\/p>\n<p>Cocktail d\u00eenatoire avec orchestre de jazz (quartet avec chanteuse), croisi\u00e8re de 3 heures.[\/vc_column_text][\/vc_column][\/vc_row][vc_row][vc_column][vc_separator][\/vc_column][\/vc_row][vc_row][vc_column width=\u00a0\u00bb1\/4&Prime;][vc_single_image image=\u00a0\u00bb306&Prime; img_size=\u00a0\u00bbfull\u00a0\u00bb][\/vc_column][vc_column width=\u00a0\u00bb3\/4&Prime;][vc_column_text]<strong>SEMINAIRE A AVIGNON<\/strong><\/p>\n<p>Date : 23-24 septembre 2013<\/p>\n<p>Lieu : Grand H\u00f4tel Avignon<\/p>\n<p>Client : Dans le domaine de l\u2019assurance-cr\u00e9dit.<\/p>\n<p>Format : S\u00e9minaire et activit\u00e9s team-building \u2013 50 personnes<\/p>\n<p>Challenge cano\u00eb sur la Sorgue ; R\u00e9union au Grand H\u00f4tel d\u2019Avignon ; D\u00eener au Clo\u00eetre Saint Louis ; Nuit au Grand H\u00f4tel ; Jeu de piste dans Avignon.[\/vc_column_text][\/vc_column][\/vc_row][vc_row][vc_column][vc_separator][\/vc_column][\/vc_row][vc_row][vc_column width=\u00a0\u00bb1\/4&Prime;][vc_single_image image=\u00a0\u00bb307&Prime; img_size=\u00a0\u00bbfull\u00a0\u00bb][\/vc_column][vc_column width=\u00a0\u00bb3\/4&Prime;][vc_column_text]<strong>INCENTIVE EN TOURAINE<\/strong><\/p>\n<p>Date : 19-20 septembre 2013<\/p>\n<p>Lieu : Rochecorbon, Chenonceau, Amboise \u2013 Touraine<\/p>\n<p>Client : Leader europ\u00e9en du syst\u00e8me de paiement<\/p>\n<p>Format : Incentive et activit\u00e9s team-building \u2013 30 personnes<\/p>\n<p>D\u00eener d\u00e9gustation avec des Vignerons au Patio \u00e0 Amboise ; Nuit au Art H\u00f4tel \u00e0 Rochecorbon ; Rallye 2Cv en Touraine ; D\u00e9jeuner gastronomique \u00e0 l\u2019Orangerie du Ch\u00e2teau de Chenonceau ; Balade cano\u00eb sur le Cher avec passage d\u2019\u00e9cluse et passage sous le Ch\u00e2teau de Chenonceau.[\/vc_column_text][\/vc_column][\/vc_row][vc_row][vc_column][vc_separator][\/vc_column][\/vc_row][vc_row][vc_column width=\u00a0\u00bb1\/4&Prime;][vc_single_image image=\u00a0\u00bb308&Prime; img_size=\u00a0\u00bbfull\u00a0\u00bb][\/vc_column][vc_column width=\u00a0\u00bb3\/4&Prime;][vc_column_text]<strong>RALLYE AU MUSEE DU LOUVRE ET DINER<\/strong><\/p>\n<p>Date : 11 septembre 2013<\/p>\n<p>Lieu : Mus\u00e9e du Louvre et Restaurant au pied de Cochon<\/p>\n<p>Client : Organisme appartenant \u00e0 la Communaut\u00e9 Europ\u00e9enne<\/p>\n<p>Format : Rallye et d\u00eener assis<\/p>\n<p>Rallye Interactif avec tablette dans le mus\u00e9e du Louvre, projection et remise des prix pendant l\u2019ap\u00e9ritif et d\u00eener assis au Pied de Cochon[\/vc_column_text][\/vc_column][\/vc_row][vc_row][vc_column][vc_separator][\/vc_column][\/vc_row][vc_row][vc_column width=\u00a0\u00bb1\/4&Prime;][vc_single_image image=\u00a0\u00bb309&Prime; img_size=\u00a0\u00bbfull\u00a0\u00bb][\/vc_column][vc_column width=\u00a0\u00bb3\/4&Prime;][vc_column_text]<strong>SOIREE A ROISSY ET ANIMATION SUPER QUIZZ<\/strong><\/p>\n<p>Date : 27 ao\u00fbt 2013<\/p>\n<p>Lieu : H\u00f4tel, Roissy Charles de Gaulle<\/p>\n<p>Client : Domaine de la s\u00e9curit\u00e9 et bien \u00eatre au travail<\/p>\n<p>Format : D\u00eener assis avec animation super quizz<\/p>\n<p>Animation Super quizz \u00e0 l\u2019issue du d\u00eener, jeu par \u00e9quipe avec boitier de vote avec animateur, questions personnalis\u00e9es, th\u00e8me culturel et musical.[\/vc_column_text][\/vc_column][\/vc_row][vc_row][vc_column][vc_separator][\/vc_column][\/vc_row][vc_row][vc_column width=\u00a0\u00bb1\/4&Prime;][vc_single_image image=\u00a0\u00bb311&Prime; img_size=\u00a0\u00bbfull\u00a0\u00bb][\/vc_column][vc_column width=\u00a0\u00bb3\/4&Prime;][vc_column_text]<strong>SOCIETE GENERALE<\/strong><\/p>\n<p>Date : 16 juillet 2013<\/p>\n<p>Lieu : Ile de la Cit\u00e9, Ile Saint Louis \u2013 Paris<\/p>\n<p>Client : Banque fran\u00e7aise<\/p>\n<p>Format : Rallye enqu\u00eate<\/p>\n<p>Rallye-enqu\u00eate \u00e0 la d\u00e9couverte de l\u2019\u00eele de la Cit\u00e9 et de l\u2019Ile Saint Louis, par \u00e9quipe de 4 personnes ; Des points jeux : photo insolite et jeu des odeurs.[\/vc_column_text][\/vc_column][\/vc_row][vc_row][vc_column][vc_separator][\/vc_column][\/vc_row][vc_row][vc_column width=\u00a0\u00bb1\/4&Prime;][vc_single_image image=\u00a0\u00bb312&Prime; img_size=\u00a0\u00bbfull\u00a0\u00bb][\/vc_column][vc_column width=\u00a0\u00bb3\/4&Prime;][vc_column_text]<strong>SOIREE CLIENTS AU CHATEAU PAPE CLEMENT<\/strong><\/p>\n<p>Date : 26 juin 2013<br \/>\nLieu : Ch\u00e2teau Pape Cl\u00e9ment \u2013 Pessac<br \/>\nClient : Domaine de l\u2019ing\u00e9nierie \u2013 Groupe International<br \/>\nFormat : Soir\u00e9e \u2013 100 personnes<\/p>\n<p>Accueil ap\u00e9ritif ; conf\u00e9rence suivi d\u2019une conf\u00e9rence et d\u00e9gustation \u0153nologique ; visite guid\u00e9e du Ch\u00e2teau Pape Cl\u00e9ment ; cocktail dinatoire ; orchestre de Jazz.[\/vc_column_text][\/vc_column][\/vc_row][vc_row][vc_column][vc_separator][\/vc_column][\/vc_row][vc_row][vc_column width=\u00a0\u00bb1\/4&Prime;][vc_single_image image=\u00a0\u00bb313&Prime; img_size=\u00a0\u00bbfull\u00a0\u00bb][\/vc_column][vc_column width=\u00a0\u00bb3\/4&Prime;][vc_column_text]<strong>SEMINAIRE A L\u2019HOTEL EDOUARD 7<\/strong><\/p>\n<p>Date : 20 juin 2013<br \/>\nLieu : H\u00f4tel Edouard 7 \u2013 Paris<br \/>\nClient : Dans le domaine de la s\u00e9curit\u00e9 et du bien-\u00eatre sur le lieu de travail.<br \/>\nFormat : S\u00e9minaire et exposition<\/p>\n<p>Accueil caf\u00e9 et viennoiserie \u00e0 l\u2019h\u00f4tel ; installation des exposants ; conf\u00e9rence sur le th\u00e8me de la s\u00e9curit\u00e9 ; pause-caf\u00e9, exposition et \u00e9changes ; cocktail d\u00e9jeunatoire.[\/vc_column_text][\/vc_column][\/vc_row][vc_row][vc_column][vc_separator][\/vc_column][\/vc_row][vc_row][vc_column width=\u00a0\u00bb1\/4&Prime;][vc_single_image image=\u00a0\u00bb314&Prime; img_size=\u00a0\u00bbfull\u00a0\u00bb][\/vc_column][vc_column width=\u00a0\u00bb3\/4&Prime;][vc_column_text]<strong>CONVENTION CHAINE TV<\/strong><\/p>\n<p>Date : 6 au 8 juin 2013<br \/>\nLieu : Amboise, Touraine<br \/>\nClient : CHAINE TV \u2013 REPRESENTANTS AFRICAINS<br \/>\nFormat : Convention, soir\u00e9es, activit\u00e9s \u2013 110 personnes<\/p>\n<p>Jour 1 : Transfert des participants en bus luxe depuis Paris vers Amboise, remise de cadeaux r\u00e9gionaux, d\u00e9jeuner en terrasse \u00e0 la Villa Bellagio, r\u00e9union pl\u00e9ni\u00e8re, visite priv\u00e9e du Ch\u00e2teau d\u2019Amboise et soir\u00e9e Garden Party dans les jardins du Ch\u00e2teau.<br \/>\nJour 2 : Ateliers et r\u00e9union pl\u00e9ni\u00e8re \u00e0 la Villa Bellagio, d\u00e9jeuner en terrasse, visite priv\u00e9e et guid\u00e9e du Ch\u00e2teau de Chenonceau, cocktail avec magiciens dans les jardins de l\u2019Orangerie, d\u00eener \u00e0 l\u2019Orangerie du Ch\u00e2teau, soir\u00e9e dansante avec open bar et animation studio photo dans la Pergola de l\u2019Orangerie<br \/>\nJour 3 : Rallye 2CV avec arr\u00eat snag golf, d\u00e9jeuner \u00e0 la Villa Bellagio, retour en bus luxe vers Paris.[\/vc_column_text][\/vc_column][\/vc_row][vc_row][vc_column][vc_separator][\/vc_column][\/vc_row][vc_row][vc_column width=\u00a0\u00bb1\/4&Prime;][vc_single_image image=\u00a0\u00bb315&Prime; img_size=\u00a0\u00bbfull\u00a0\u00bb][\/vc_column][vc_column width=\u00a0\u00bb3\/4&Prime;][vc_column_text]<strong>CONVENTION ASSOCIATION DE LOCATION DE MATERIEL<\/strong><\/p>\n<p>Date : 15 et 16 mai 2013<br \/>\nLieu : Paris \u2013 Palais des Congr\u00e8s<br \/>\nClient : ASSOCIATION DE LOCATION DE MATERIEL DOMAINE DU BTP<br \/>\nFormat : Salon et convention \u2013 350 personnes<\/p>\n<p>Jour 1 : Montage des stands, accueil des exposants et participants, r\u00e9unions (avec interpr\u00e8tes), cocktail et soir\u00e9e de gala avec remise de r\u00e9compenses.<br \/>\nJour 2 : Suite exposition, r\u00e9unions (avec interpr\u00e8tes), buffet et verre de cl\u00f4ture.[\/vc_column_text][\/vc_column][\/vc_row][vc_row][vc_column][vc_separator][\/vc_column][\/vc_row][vc_row][vc_column width=\u00a0\u00bb1\/4&Prime;][vc_single_image image=\u00a0\u00bb316&Prime; img_size=\u00a0\u00bbfull\u00a0\u00bb][\/vc_column][vc_column width=\u00a0\u00bb3\/4&Prime;][vc_column_text]<strong>VOYAGE DE FORMATION BANQUE ET ASSURANCE ITALIENNES<\/strong><\/p>\n<p>Date : Du 11 au 14 AVRIL 2013<br \/>\nLieu : Paris \/ Versailles<br \/>\nClient : R\u00e9seau de banquiers et assureurs italiens<br \/>\nFormat : Voyage de formation \u2013 80 personnes<\/p>\n<p>Jour 1 : Accueil a\u00e9roport et installation \u00e0 l\u2019h\u00f4tel Westin Paris Vend\u00f4me; d\u00e9jeuner \u00e0 l\u2019h\u00f4tel ; r\u00e9union de formation ; traduction simultan\u00e9e ; soir\u00e9e au Lido.<br \/>\nJour 2 : Visite spectacle avec com\u00e9diens \u00e0 Montmartre ; d\u00e9jeuner au Moulin de la Galette ; visite guid\u00e9e VIP du Ch\u00e2teau de Versailles ; soir\u00e9e spectacle privative \u00ab La Voie de l\u2019Ecuyer \u00bb de Bartabas et d\u00eener Potel et Chabot dans le man\u00e8ge de l\u2019Acad\u00e9mie Equestre de Versailles.<br \/>\nJour 3 : Cours de cuisine cocktail participatif \u00e0 l\u2019Ecole Alain Ducasse ; privatisation du Mus\u00e9e du Louvre et visite guid\u00e9e ; soir\u00e9e croisi\u00e8re \u00e0 bord de l\u2019Excellence Yachts de Paris avec animation orchestre de Jazz.<br \/>\nJour 4 : D\u00e9jeuner \u00e0 la Brasserie Flo de l\u2019a\u00e9roport et retour.<br \/>\nAccompagnement et guidage en italien, transfert et transport inclus durant tout le s\u00e9jour.[\/vc_column_text][\/vc_column][\/vc_row][vc_row][vc_column][vc_separator][\/vc_column][\/vc_row][vc_row][vc_column width=\u00a0\u00bb1\/4&Prime;][vc_single_image image=\u00a0\u00bb317&Prime; img_size=\u00a0\u00bbfull\u00a0\u00bb][\/vc_column][vc_column width=\u00a0\u00bb3\/4&Prime;][vc_column_text]<strong>SOIREE INTERNE<\/strong><\/p>\n<p>Date : Mercredi 13 f\u00e9vrier 2013<br \/>\nLieu : Les Portes, Boulogne<br \/>\nClient : Domaine du transport et de la livraison de colis express.<br \/>\nFormat : Cocktail dinatoire et animation \u2013 100 personnes<\/p>\n<p>Accueil ap\u00e9ritif ; cocktail dinatoire et ambiance musicale ; animation \u00ab quizz buzzer \u00bb et remise de cadeaux \u00e0 l\u2019\u00e9quipe gagnante.[\/vc_column_text][\/vc_column][\/vc_row][vc_row][vc_column][vc_separator][\/vc_column][\/vc_row][vc_row][vc_column width=\u00a0\u00bb1\/4&Prime;][vc_single_image image=\u00a0\u00bb318&Prime; img_size=\u00a0\u00bbfull\u00a0\u00bb][\/vc_column][vc_column width=\u00a0\u00bb3\/4&Prime;][vc_column_text]<strong>SOIREE INTERNE A L\u2019ARC<\/strong><\/p>\n<p>Date : 17 janvier 2013<br \/>\nLieu : L\u2019Arc Paris<br \/>\nClient : Dans le domaine de la lingerie f\u00e9minine.<br \/>\nFormat : 1 soir\u00e9e<\/p>\n<p>Service voiturier ; accueil ap\u00e9ritif au bar ; d\u00eener au restaurant de l\u2019Arc en espace semi-privatis\u00e9 ; table privative au club l\u2019Arc.[\/vc_column_text][\/vc_column][\/vc_row][vc_row][vc_column][vc_separator][\/vc_column][\/vc_row][vc_row][vc_column width=\u00a0\u00bb1\/4&Prime;][vc_single_image image=\u00a0\u00bb319&Prime; img_size=\u00a0\u00bbfull\u00a0\u00bb][\/vc_column][vc_column width=\u00a0\u00bb3\/4&Prime;][vc_column_text]<strong>FORUM CLIENTS A BORD DU MONTECOSY<\/strong><\/p>\n<p>Date : 15 janvier 2013<br \/>\nLieu : Montecosy<br \/>\nClient : Dans le domaine de la s\u00e9curit\u00e9 et du bien-\u00eatre sur le lieu de travail.<br \/>\nFormat : 1 journ\u00e9e \u2013 250 personnes<\/p>\n<p>Location du mobilier ; montage et accueil des exposants ; accueil visiteurs et pause permanente toute la journ\u00e9e.[\/vc_column_text][\/vc_column][\/vc_row][vc_row css_animation=\u00a0\u00bbfadeIn\u00a0\u00bb css=\u00a0\u00bb.vc_custom_1549371945934{padding-top: 60px !important;}\u00a0\u00bb][vc_column]<style type=\"text\/css\" data-type=\"the7_shortcodes-inline-css\">.blog-carousel-shortcode.blog-carousel-shortcode-id-07d82ec3911b0bad522aaac6bae30089.dividers-on.classic-layout-list article {\n  padding-top: 0;\n}\n.blog-carousel-shortcode.blog-carousel-shortcode-id-07d82ec3911b0bad522aaac6bae30089.dividers-on.classic-layout-list article:first-of-type {\n  margin-top: 0;\n  padding-top: 0;\n}\n.blog-carousel-shortcode.blog-carousel-shortcode-id-07d82ec3911b0bad522aaac6bae30089.classic-layout-list.mode-list .post-entry-content {\n  width: calc(100% - );\n}\n.blog-carousel-shortcode.blog-carousel-shortcode-id-07d82ec3911b0bad522aaac6bae30089.classic-layout-list.mode-list .no-img .post-entry-content {\n  width: 100%;\n}\n.blog-carousel-shortcode.blog-carousel-shortcode-id-07d82ec3911b0bad522aaac6bae30089 .filter-bg-decoration .filter-categories a.act {\n  color: #fff;\n}\n.blog-carousel-shortcode.blog-carousel-shortcode-id-07d82ec3911b0bad522aaac6bae30089:not(.mode-masonry) article:first-of-type,\n.blog-carousel-shortcode.blog-carousel-shortcode-id-07d82ec3911b0bad522aaac6bae30089:not(.mode-masonry) article.visible.first:not(.product) {\n  margin-top: 0;\n}\n.blog-carousel-shortcode.blog-carousel-shortcode-id-07d82ec3911b0bad522aaac6bae30089.dividers-on:not(.mode-masonry) article {\n  margin-top: 0;\n}\n.blog-carousel-shortcode.blog-carousel-shortcode-id-07d82ec3911b0bad522aaac6bae30089.dividers-on:not(.mode-masonry) article:first-of-type,\n.blog-carousel-shortcode.blog-carousel-shortcode-id-07d82ec3911b0bad522aaac6bae30089.dividers-on:not(.mode-masonry) article.visible.first:not(.product) {\n  margin-top: 0;\n  padding-top: 0;\n}\n.blog-carousel-shortcode.blog-carousel-shortcode-id-07d82ec3911b0bad522aaac6bae30089 .post-thumbnail-wrap {\n  padding: 0px 0px 0px 0px;\n}\n.blog-carousel-shortcode.blog-carousel-shortcode-id-07d82ec3911b0bad522aaac6bae30089.enable-bg-rollover .post-thumbnail-rollover:after {\n  background: -webkit-linear-gradient();\n  background: linear-gradient();\n}\n.blog-carousel-shortcode.blog-carousel-shortcode-id-07d82ec3911b0bad522aaac6bae30089 .gallery-zoom-ico {\n  width: 44px;\n  height: 44px;\n  line-height: 44px;\n  border-radius: 100px;\n  margin: -22px 0 0 -22px;\n  border-width: 0px;\n  color: #ffffff;\n  background: none;\n}\n.bottom-overlap-layout-list.blog-carousel-shortcode.blog-carousel-shortcode-id-07d82ec3911b0bad522aaac6bae30089 .gallery-zoom-ico {\n  margin-top: -72px;\n}\n.gradient-overlay-layout-list.blog-carousel-shortcode.blog-carousel-shortcode-id-07d82ec3911b0bad522aaac6bae30089 .gallery-zoom-ico,\n.content-rollover-layout-list.blog-carousel-shortcode.blog-carousel-shortcode-id-07d82ec3911b0bad522aaac6bae30089 .gallery-zoom-ico {\n  margin: 0 0 10px;\n}\n.content-align-center.gradient-overlay-layout-list.blog-carousel-shortcode.blog-carousel-shortcode-id-07d82ec3911b0bad522aaac6bae30089 .gallery-zoom-ico,\n.content-align-center.content-rollover-layout-list.blog-carousel-shortcode.blog-carousel-shortcode-id-07d82ec3911b0bad522aaac6bae30089 .gallery-zoom-ico {\n  margin: 0 auto 10px;\n}\n.dt-icon-bg-on.blog-carousel-shortcode.blog-carousel-shortcode-id-07d82ec3911b0bad522aaac6bae30089 .gallery-zoom-ico {\n  background: rgba(255,255,255,0.3);\n  box-shadow: none;\n}\n.blog-carousel-shortcode.blog-carousel-shortcode-id-07d82ec3911b0bad522aaac6bae30089 .gallery-zoom-ico > span,\n.blog-carousel-shortcode.blog-carousel-shortcode-id-07d82ec3911b0bad522aaac6bae30089 .gallery-zoom-ico:before {\n  font-size: 32px;\n  line-height: 44px;\n}\n.blog-carousel-shortcode.blog-carousel-shortcode-id-07d82ec3911b0bad522aaac6bae30089 .gallery-zoom-ico > span,\n.blog-carousel-shortcode.blog-carousel-shortcode-id-07d82ec3911b0bad522aaac6bae30089 .gallery-zoom-ico:before {\n  color: #ffffff;\n  background: none;\n}\n.blog-carousel-shortcode.blog-carousel-shortcode-id-07d82ec3911b0bad522aaac6bae30089 .entry-title,\n.blog-carousel-shortcode.blog-carousel-shortcode-id-07d82ec3911b0bad522aaac6bae30089.owl-carousel .entry-title {\n  margin-bottom: 5px;\n  font-weight: bold;\n}\n.blog-carousel-shortcode.blog-carousel-shortcode-id-07d82ec3911b0bad522aaac6bae30089 .entry-meta {\n  margin-bottom: 15px;\n}\n.blog-carousel-shortcode.blog-carousel-shortcode-id-07d82ec3911b0bad522aaac6bae30089 .portfolio-categories {\n  margin-bottom: 15px;\n}\n.blog-carousel-shortcode.blog-carousel-shortcode-id-07d82ec3911b0bad522aaac6bae30089 .entry-excerpt {\n  margin-bottom: 5px;\n}\n.blog-carousel-shortcode.blog-carousel-shortcode-id-07d82ec3911b0bad522aaac6bae30089:not(.centered-layout-list) .post-entry-content {\n  padding: 15px 20px 20px 20px;\n}\n.blog-carousel-shortcode.blog-carousel-shortcode-id-07d82ec3911b0bad522aaac6bae30089:not(.centered-layout-list):not(.content-bg-on):not(.mode-list) .no-img .post-entry-content {\n  padding: 0;\n}\n@media screen and (max-width: ) {\n  .blog-carousel-shortcode.blog-carousel-shortcode-id-07d82ec3911b0bad522aaac6bae30089 article {\n    -ms-flex-flow: column nowrap;\n    flex-flow: column nowrap;\n    margin-top: 20px;\n  }\n  .blog-carousel-shortcode.blog-carousel-shortcode-id-07d82ec3911b0bad522aaac6bae30089.dividers-on article {\n    border: none;\n  }\n  .blog-carousel-shortcode.blog-carousel-shortcode-id-07d82ec3911b0bad522aaac6bae30089.content-bg-on.centered-layout-list article {\n    padding: 0;\n  }\n  .blog-carousel-shortcode.blog-carousel-shortcode-id-07d82ec3911b0bad522aaac6bae30089.blog-shortcode.dividers-on article,\n  .blog-carousel-shortcode.blog-carousel-shortcode-id-07d82ec3911b0bad522aaac6bae30089.dividers-on.classic-layout-list article {\n    margin-top: 20px;\n    padding: 0;\n  }\n  .blog-carousel-shortcode.blog-carousel-shortcode-id-07d82ec3911b0bad522aaac6bae30089.blog-shortcode.dividers-on article:first-of-type,\n  .blog-carousel-shortcode.blog-carousel-shortcode-id-07d82ec3911b0bad522aaac6bae30089.dividers-on.classic-layout-list article:first-of-type {\n    padding: 0;\n  }\n  #page .blog-carousel-shortcode.blog-carousel-shortcode-id-07d82ec3911b0bad522aaac6bae30089 .post-thumbnail-wrap,\n  #page .blog-carousel-shortcode.blog-carousel-shortcode-id-07d82ec3911b0bad522aaac6bae30089 .post-entry-content {\n    width: 100%;\n    margin: 0;\n    top: 0;\n  }\n  #page .blog-carousel-shortcode.blog-carousel-shortcode-id-07d82ec3911b0bad522aaac6bae30089 .post-thumbnail-wrap {\n    padding: 0;\n  }\n  #page .blog-carousel-shortcode.blog-carousel-shortcode-id-07d82ec3911b0bad522aaac6bae30089 .post-entry-content:after {\n    display: none;\n  }\n  #page .blog-carousel-shortcode.blog-carousel-shortcode-id-07d82ec3911b0bad522aaac6bae30089 .project-even .post-thumbnail-wrap,\n  #page .blog-carousel-shortcode.blog-carousel-shortcode-id-07d82ec3911b0bad522aaac6bae30089.centered-layout-list .post-thumbnail-wrap {\n    -ms-flex-order: 0;\n    order: 0;\n  }\n  #page .blog-carousel-shortcode.blog-carousel-shortcode-id-07d82ec3911b0bad522aaac6bae30089.centered-layout-list .post-entry-title-content {\n    -ms-flex-order: 1;\n    order: 1;\n    width: 100%;\n    padding: 20px 20px 0;\n  }\n  #page .blog-carousel-shortcode.blog-carousel-shortcode-id-07d82ec3911b0bad522aaac6bae30089.centered-layout-list .post-entry-content {\n    -ms-flex-order: 2;\n    order: 2;\n    padding-top: 0;\n  }\n  #page .blog-carousel-shortcode.blog-carousel-shortcode-id-07d82ec3911b0bad522aaac6bae30089 .fancy-categories {\n    top: 10px;\n    left: 10px;\n    bottom: auto;\n    right: auto;\n  }\n  #page .blog-carousel-shortcode.blog-carousel-shortcode-id-07d82ec3911b0bad522aaac6bae30089 .fancy-date a {\n    top: 10px;\n    right: 10px;\n    left: auto;\n    bottom: auto;\n  }\n  #page .blog-carousel-shortcode.blog-carousel-shortcode-id-07d82ec3911b0bad522aaac6bae30089 .post-entry-content {\n    padding: 20px;\n  }\n  #page .blog-carousel-shortcode.blog-carousel-shortcode-id-07d82ec3911b0bad522aaac6bae30089 .entry-title {\n    margin: 3px 0 5px;\n    font-size: 20px;\n    line-height: 26px;\n  }\n  #page .blog-carousel-shortcode.blog-carousel-shortcode-id-07d82ec3911b0bad522aaac6bae30089 .entry-meta {\n    margin: 5px 0 5px;\n  }\n  #page .blog-carousel-shortcode.blog-carousel-shortcode-id-07d82ec3911b0bad522aaac6bae30089 .entry-excerpt {\n    margin: 15px 0 0;\n  }\n  #page .blog-carousel-shortcode.blog-carousel-shortcode-id-07d82ec3911b0bad522aaac6bae30089 .post-details {\n    margin: 5px 0 10px;\n  }\n  #page .blog-carousel-shortcode.blog-carousel-shortcode-id-07d82ec3911b0bad522aaac6bae30089 .post-details.details-type-link {\n    margin-bottom: 2px;\n  }\n}\n.blog-carousel-shortcode.blog-carousel-shortcode-id-07d82ec3911b0bad522aaac6bae30089.owl-carousel .owl-nav div {\n  width: 36px;\n  height: 36px;\n  border-radius: 500px;\n}\n.dt-arrow-border-on.blog-carousel-shortcode.blog-carousel-shortcode-id-07d82ec3911b0bad522aaac6bae30089.owl-carousel .owl-nav div:not(:hover):before {\n  border-width: 0px;\n}\n.dt-arrow-hover-border-on.blog-carousel-shortcode.blog-carousel-shortcode-id-07d82ec3911b0bad522aaac6bae30089.owl-carousel .owl-nav div:hover:after {\n  border-width: 0px;\n}\n.blog-carousel-shortcode.blog-carousel-shortcode-id-07d82ec3911b0bad522aaac6bae30089.owl-carousel .owl-nav div.owl-prev {\n  top: 50%;\n  transform: translateY(calc(-50% + 0px));\n  left: -43px;\n}\n@media all and (-ms-high-contrast: none) {\n  .blog-carousel-shortcode.blog-carousel-shortcode-id-07d82ec3911b0bad522aaac6bae30089.owl-carousel .owl-nav div.owl-prev {\n    transform: translateY(-50%);\n    margin-top: 0px;\n  }\n}\n.blog-carousel-shortcode.blog-carousel-shortcode-id-07d82ec3911b0bad522aaac6bae30089.owl-carousel .owl-nav div.owl-prev i {\n  padding: 0px 0px 0px 0px;\n}\n.blog-carousel-shortcode.blog-carousel-shortcode-id-07d82ec3911b0bad522aaac6bae30089.owl-carousel .owl-nav div.owl-next {\n  top: 50%;\n  transform: translateY(calc(-50% + 0px));\n  right: -43px;\n}\n@media all and (-ms-high-contrast: none) {\n  .blog-carousel-shortcode.blog-carousel-shortcode-id-07d82ec3911b0bad522aaac6bae30089.owl-carousel .owl-nav div.owl-next {\n    transform: translateY(-50%);\n    margin-top: 0px;\n  }\n}\n.blog-carousel-shortcode.blog-carousel-shortcode-id-07d82ec3911b0bad522aaac6bae30089.owl-carousel .owl-nav div.owl-next i {\n  padding: 0px 0px 0px 0px;\n}\n.blog-carousel-shortcode.blog-carousel-shortcode-id-07d82ec3911b0bad522aaac6bae30089.owl-carousel .owl-nav i {\n  font-size: 18px;\n}\n.blog-carousel-shortcode.blog-carousel-shortcode-id-07d82ec3911b0bad522aaac6bae30089.owl-carousel .owl-nav div:not(:hover) i,\n.blog-carousel-shortcode.blog-carousel-shortcode-id-07d82ec3911b0bad522aaac6bae30089.owl-carousel .owl-nav div:not(:hover) i:before {\n  color: #ffffff;\n  background: none;\n}\n.blog-carousel-shortcode.blog-carousel-shortcode-id-07d82ec3911b0bad522aaac6bae30089.owl-carousel .owl-nav div:hover i,\n.blog-carousel-shortcode.blog-carousel-shortcode-id-07d82ec3911b0bad522aaac6bae30089.owl-carousel .owl-nav div:hover i:before {\n  color: rgba(255,255,255,0.75);\n  background: none;\n}\n.blog-carousel-shortcode.blog-carousel-shortcode-id-07d82ec3911b0bad522aaac6bae30089 .owl-dots {\n  top: calc(100% + 20px);\n  left: 50%;\n  transform: translateX(calc(-50% + 0px));\n}\n@media all and (-ms-high-contrast: none) {\n  .blog-carousel-shortcode.blog-carousel-shortcode-id-07d82ec3911b0bad522aaac6bae30089 .owl-dots {\n    transform: translateX(-50%);\n    margin-left: 0px;\n  }\n}\n.blog-carousel-shortcode.blog-carousel-shortcode-id-07d82ec3911b0bad522aaac6bae30089 .owl-dot {\n  width: 10px;\n  height: 10px;\n  margin: 0 8px;\n}\n@media screen and (max-width: 778px) {\n  .blog-carousel-shortcode.blog-carousel-shortcode-id-07d82ec3911b0bad522aaac6bae30089.hide-arrows .owl-nav a {\n    display: none;\n  }\n}\n@media screen and (max-width: 778px) {\n  .blog-carousel-shortcode.blog-carousel-shortcode-id-07d82ec3911b0bad522aaac6bae30089.reposition-arrows .owl-nav .owl-prev {\n    top: 50%;\n    transform: translateY(calc(-50% + 0px));\n    left: 10px;\n  }\n  .blog-carousel-shortcode.blog-carousel-shortcode-id-07d82ec3911b0bad522aaac6bae30089.reposition-arrows .owl-nav .owl-next {\n    top: 50%;\n    transform: translateY(calc(-50% + 0px));\n    right: 10px;\n  }\n}\n@media screen and (max-width: 778px) and all and (-ms-high-contrast: none) {\n  .blog-carousel-shortcode.blog-carousel-shortcode-id-07d82ec3911b0bad522aaac6bae30089.reposition-arrows .owl-nav .owl-prev {\n    transform: translateY(-50%);\n    margin-top: 0px;\n  }\n}\n@media screen and (max-width: 778px) and all and (-ms-high-contrast: none) {\n  .blog-carousel-shortcode.blog-carousel-shortcode-id-07d82ec3911b0bad522aaac6bae30089.reposition-arrows .owl-nav .owl-next {\n    transform: translateY(-50%);\n    margin-top: 0px;\n  }\n}\n<\/style><div class=\"owl-carousel blog-carousel-shortcode dt-owl-carousel-call blog-carousel-shortcode-id-07d82ec3911b0bad522aaac6bae30089 classic-layout-list content-bg-on scale-img dt-icon-bg-off dt-arrow-border-on dt-arrow-hover-border-on meta-info-off bullets-small-dot-stroke reposition-arrows arrows-bg-on disable-arrows-hover-bg arrows-hover-bg-on  \" data-scroll-mode=\"page\" data-col-num=\"3\" data-wide-col-num=\"4\" data-laptop-col=\"3\" data-h-tablet-columns-num=\"3\" data-v-tablet-columns-num=\"2\" data-phone-columns-num=\"1\" data-auto-height=\"true\" data-col-gap=\"30\" data-stage-padding=\"0\" data-speed=\"600\" data-autoplay=\"true\" data-autoplay_speed=\"10000\" data-arrows=\"true\" data-bullet=\"false\" data-next-icon=\"icon-ar-017-r\" data-prev-icon=\"icon-ar-017-l\"><article class=\"post post-3230 type-post status-publish format-standard has-post-thumbnail hentry category-non-classe category-1\" data-name=\"Congr\u00e8s annuel &#8211; La Baule\" data-date=\"2026-03-02T16:52:16+01:00\">\n\n<div class=\"post-thumbnail-wrap\">\n\t<div class=\"post-thumbnail\">\n\t\t\n\t\t\n\t\t<a href=\"https:\/\/www.invictus-event.com\/site\/congres-annuel-2\/\" class=\"post-thumbnail-rollover layzr-bg\" ><img fetchpriority=\"high\" decoding=\"async\" class=\"preload-me owl-lazy-load aspect\" src=\"data:image\/svg+xml,%3Csvg%20xmlns%3D&#39;http%3A%2F%2Fwww.w3.org%2F2000%2Fsvg&#39;%20viewBox%3D&#39;0%200%20768%20512&#39;%2F%3E\" data-src=\"https:\/\/www.invictus-event.com\/site\/wp-content\/uploads\/2026\/03\/02032026-03-768x512.jpg\" data-srcset=\"https:\/\/www.invictus-event.com\/site\/wp-content\/uploads\/2026\/03\/02032026-03-768x512.jpg 768w, https:\/\/www.invictus-event.com\/site\/wp-content\/uploads\/2026\/03\/02032026-03-960x640.jpg 960w\" loading=\"eager\" style=\"--ratio: 768 \/ 512\" sizes=\"(max-width: 768px) 100vw, 768px\" alt=\"\"  width=\"768\" height=\"512\"  \/><\/a>\t<\/div>\n<\/div>\n\n\n<div class=\"post-entry-content\">\n\n\t<h3 class=\"entry-title\">\n\t\t<a href=\"https:\/\/www.invictus-event.com\/site\/congres-annuel-2\/\" title=\"Congr\u00e8s annuel &#8211; La Baule\" rel=\"bookmark\">Congr\u00e8s annuel &#8211; La Baule<\/a>\n\t<\/h3>\n\n\t\n\t<div class=\"entry-excerpt\"><p>[vc_row gap=\u00a0\u00bb15&Prime;][vc_column css_animation=\u00a0\u00bbright-to-left\u00a0\u00bb width=\u00a0\u00bb2\/3&Prime;][\/vc_column][vc_column css_animation=\u00a0\u00bbleft-to-right\u00a0\u00bb width=\u00a0\u00bb1\/3&Prime;][vc_column_text css=\u00a0\u00bb\u00a0\u00bb]Date : 29 et 30 janvier 2026 Lieu : La Baule Client : Avocats\u2026<\/p>\n<\/div>\n\t\n<\/div><\/article><article class=\"post post-3233 type-post status-publish format-standard has-post-thumbnail hentry category-non-classe-en category-12\" data-name=\"Annual Congress &#8211; La Baule\" data-date=\"2026-03-02T16:52:15+01:00\">\n\n<div class=\"post-thumbnail-wrap\">\n\t<div class=\"post-thumbnail\">\n\t\t\n\t\t\n\t\t<a href=\"https:\/\/www.invictus-event.com\/site\/en\/annual-congress\/\" class=\"post-thumbnail-rollover layzr-bg\" ><img decoding=\"async\" class=\"preload-me owl-lazy-load aspect\" src=\"data:image\/svg+xml,%3Csvg%20xmlns%3D&#39;http%3A%2F%2Fwww.w3.org%2F2000%2Fsvg&#39;%20viewBox%3D&#39;0%200%20768%20512&#39;%2F%3E\" data-src=\"https:\/\/www.invictus-event.com\/site\/wp-content\/uploads\/2026\/03\/02032026-03-1-768x512.jpg\" data-srcset=\"https:\/\/www.invictus-event.com\/site\/wp-content\/uploads\/2026\/03\/02032026-03-1-768x512.jpg 768w, https:\/\/www.invictus-event.com\/site\/wp-content\/uploads\/2026\/03\/02032026-03-1-960x640.jpg 960w\" loading=\"eager\" style=\"--ratio: 768 \/ 512\" sizes=\"(max-width: 768px) 100vw, 768px\" alt=\"\"  width=\"768\" height=\"512\"  \/><\/a>\t<\/div>\n<\/div>\n\n\n<div class=\"post-entry-content\">\n\n\t<h3 class=\"entry-title\">\n\t\t<a href=\"https:\/\/www.invictus-event.com\/site\/en\/annual-congress\/\" title=\"Annual Congress &#8211; La Baule\" rel=\"bookmark\">Annual Congress &#8211; La Baule<\/a>\n\t<\/h3>\n\n\t\n\t<div class=\"entry-excerpt\"><p>[vc_row gap=\u00a0\u00bb15&Prime;][vc_column css_animation=\u00a0\u00bbright-to-left\u00a0\u00bb width=\u00a0\u00bb2\/3&Prime;][\/vc_column][vc_column css_animation=\u00a0\u00bbleft-to-right\u00a0\u00bb width=\u00a0\u00bb1\/3&Prime;][vc_column_text css=\u00a0\u00bb\u00a0\u00bb]Dates: January 29 and 30, 2026 Location: La Baule Client: Lawyers and Bailiffs Format:\u2026<\/p>\n<\/div>\n\t\n<\/div><\/article><article class=\"post post-3209 type-post status-publish format-standard has-post-thumbnail hentry category-non-classe-en category-12\" data-name=\"Private Dinner in Paris\" data-date=\"2026-01-13T14:00:18+01:00\">\n\n<div class=\"post-thumbnail-wrap\">\n\t<div class=\"post-thumbnail\">\n\t\t\n\t\t\n\t\t<a href=\"https:\/\/www.invictus-event.com\/site\/en\/private-dinner-in-paris\/\" class=\"post-thumbnail-rollover layzr-bg\" ><img decoding=\"async\" class=\"preload-me owl-lazy-load aspect\" src=\"data:image\/svg+xml,%3Csvg%20xmlns%3D&#39;http%3A%2F%2Fwww.w3.org%2F2000%2Fsvg&#39;%20viewBox%3D&#39;0%200%20768%20512&#39;%2F%3E\" data-src=\"https:\/\/www.invictus-event.com\/site\/wp-content\/uploads\/2026\/01\/4-BHQQAPM-1-768x512.jpg\" data-srcset=\"https:\/\/www.invictus-event.com\/site\/wp-content\/uploads\/2026\/01\/4-BHQQAPM-1-768x512.jpg 768w, https:\/\/www.invictus-event.com\/site\/wp-content\/uploads\/2026\/01\/4-BHQQAPM-1-960x640.jpg 960w\" loading=\"eager\" style=\"--ratio: 768 \/ 512\" sizes=\"(max-width: 768px) 100vw, 768px\" alt=\"\"  width=\"768\" height=\"512\"  \/><\/a>\t<\/div>\n<\/div>\n\n\n<div class=\"post-entry-content\">\n\n\t<h3 class=\"entry-title\">\n\t\t<a href=\"https:\/\/www.invictus-event.com\/site\/en\/private-dinner-in-paris\/\" title=\"Private Dinner in Paris\" rel=\"bookmark\">Private Dinner in Paris<\/a>\n\t<\/h3>\n\n\t\n\t<div class=\"entry-excerpt\"><p>[vc_row gap=\u00a0\u00bb15&Prime;][vc_column css_animation=\u00a0\u00bbright-to-left\u00a0\u00bb width=\u00a0\u00bb2\/3&Prime;][\/vc_column][vc_column css_animation=\u00a0\u00bbleft-to-right\u00a0\u00bb width=\u00a0\u00bb1\/3&Prime;][vc_column_text css=\u00a0\u00bb\u00a0\u00bb]Date: Friday, December 12, 2025 Location: Paris Client: Lawyers\u2019 association Format: Seated dinner for\u2026<\/p>\n<\/div>\n\t\n<\/div><\/article><article class=\"post post-3205 type-post status-publish format-standard has-post-thumbnail hentry category-non-classe category-1\" data-name=\"D\u00eener priv\u00e9 \u00e0 Paris\" data-date=\"2026-01-13T14:00:17+01:00\">\n\n<div class=\"post-thumbnail-wrap\">\n\t<div class=\"post-thumbnail\">\n\t\t\n\t\t\n\t\t<a href=\"https:\/\/www.invictus-event.com\/site\/diner-prive-a-paris\/\" class=\"post-thumbnail-rollover layzr-bg\" ><img decoding=\"async\" class=\"preload-me owl-lazy-load aspect\" src=\"data:image\/svg+xml,%3Csvg%20xmlns%3D&#39;http%3A%2F%2Fwww.w3.org%2F2000%2Fsvg&#39;%20viewBox%3D&#39;0%200%20768%20512&#39;%2F%3E\" data-src=\"https:\/\/www.invictus-event.com\/site\/wp-content\/uploads\/2026\/01\/4-BHQQAPM-768x512.jpg\" data-srcset=\"https:\/\/www.invictus-event.com\/site\/wp-content\/uploads\/2026\/01\/4-BHQQAPM-768x512.jpg 768w, https:\/\/www.invictus-event.com\/site\/wp-content\/uploads\/2026\/01\/4-BHQQAPM-960x640.jpg 960w\" loading=\"eager\" style=\"--ratio: 768 \/ 512\" sizes=\"(max-width: 768px) 100vw, 768px\" alt=\"\"  width=\"768\" height=\"512\"  \/><\/a>\t<\/div>\n<\/div>\n\n\n<div class=\"post-entry-content\">\n\n\t<h3 class=\"entry-title\">\n\t\t<a href=\"https:\/\/www.invictus-event.com\/site\/diner-prive-a-paris\/\" title=\"D\u00eener priv\u00e9 \u00e0 Paris\" rel=\"bookmark\">D\u00eener priv\u00e9 \u00e0 Paris<\/a>\n\t<\/h3>\n\n\t\n\t<div class=\"entry-excerpt\"><p>[vc_row gap=\u00a0\u00bb15&Prime;][vc_column css_animation=\u00a0\u00bbright-to-left\u00a0\u00bb width=\u00a0\u00bb2\/3&Prime;][\/vc_column][vc_column css_animation=\u00a0\u00bbleft-to-right\u00a0\u00bb width=\u00a0\u00bb1\/3&Prime;][vc_column_text css=\u00a0\u00bb\u00a0\u00bb]Date :\u00a0vendredi 12 d\u00e9cembre 2025 Lieu :\u00a0Paris Client\u00a0: Association d\u2019avocats Format :\u00a0D\u00eener assis pour\u2026<\/p>\n<\/div>\n\t\n<\/div><\/article><article class=\"post post-3187 type-post status-publish format-standard has-post-thumbnail hentry category-non-classe category-1\" data-name=\"19e Congr\u00e8s annuel \u00e0 Lausanne\" data-date=\"2026-01-13T13:48:42+01:00\">\n\n<div class=\"post-thumbnail-wrap\">\n\t<div class=\"post-thumbnail\">\n\t\t\n\t\t\n\t\t<a href=\"https:\/\/www.invictus-event.com\/site\/19e-congres-annuel-a-lausanne\/\" class=\"post-thumbnail-rollover layzr-bg\" ><img decoding=\"async\" class=\"preload-me owl-lazy-load aspect\" src=\"data:image\/svg+xml,%3Csvg%20xmlns%3D&#39;http%3A%2F%2Fwww.w3.org%2F2000%2Fsvg&#39;%20viewBox%3D&#39;0%200%20768%20512&#39;%2F%3E\" data-src=\"https:\/\/www.invictus-event.com\/site\/wp-content\/uploads\/2026\/01\/4-39847H-768x512.jpg\" data-srcset=\"https:\/\/www.invictus-event.com\/site\/wp-content\/uploads\/2026\/01\/4-39847H-768x512.jpg 768w, https:\/\/www.invictus-event.com\/site\/wp-content\/uploads\/2026\/01\/4-39847H-960x640.jpg 960w\" loading=\"eager\" style=\"--ratio: 768 \/ 512\" sizes=\"(max-width: 768px) 100vw, 768px\" alt=\"\"  width=\"768\" height=\"512\"  \/><\/a>\t<\/div>\n<\/div>\n\n\n<div class=\"post-entry-content\">\n\n\t<h3 class=\"entry-title\">\n\t\t<a href=\"https:\/\/www.invictus-event.com\/site\/19e-congres-annuel-a-lausanne\/\" title=\"19e Congr\u00e8s annuel \u00e0 Lausanne\" rel=\"bookmark\">19e Congr\u00e8s annuel \u00e0 Lausanne<\/a>\n\t<\/h3>\n\n\t\n\t<div class=\"entry-excerpt\"><p>[vc_row gap=\u00a0\u00bb15&Prime;][vc_column css_animation=\u00a0\u00bbright-to-left\u00a0\u00bb width=\u00a0\u00bb2\/3&Prime;][\/vc_column][vc_column css_animation=\u00a0\u00bbleft-to-right\u00a0\u00bb width=\u00a0\u00bb1\/3&Prime;][vc_column_text css=\u00a0\u00bb\u00a0\u00bb]Dates :\u00a0du 16 au 18 octobre 2025 Lieu :\u00a0Lausanne, Suisse Client : Association d\u2019Experts\u2026<\/p>\n<\/div>\n\t\n<\/div><\/article><article class=\"post post-3191 type-post status-publish format-standard has-post-thumbnail hentry category-non-classe-en category-12\" data-name=\"19th Annual Congress in Lausanne\" data-date=\"2026-01-13T13:48:41+01:00\">\n\n<div class=\"post-thumbnail-wrap\">\n\t<div class=\"post-thumbnail\">\n\t\t\n\t\t\n\t\t<a href=\"https:\/\/www.invictus-event.com\/site\/en\/19th-annual-congress-in-lausanne\/\" class=\"post-thumbnail-rollover layzr-bg\" ><img decoding=\"async\" class=\"preload-me owl-lazy-load aspect\" src=\"data:image\/svg+xml,%3Csvg%20xmlns%3D&#39;http%3A%2F%2Fwww.w3.org%2F2000%2Fsvg&#39;%20viewBox%3D&#39;0%200%20768%20512&#39;%2F%3E\" data-src=\"https:\/\/www.invictus-event.com\/site\/wp-content\/uploads\/2026\/01\/4-39847H-1-768x512.jpg\" data-srcset=\"https:\/\/www.invictus-event.com\/site\/wp-content\/uploads\/2026\/01\/4-39847H-1-768x512.jpg 768w, https:\/\/www.invictus-event.com\/site\/wp-content\/uploads\/2026\/01\/4-39847H-1-960x640.jpg 960w\" loading=\"eager\" style=\"--ratio: 768 \/ 512\" sizes=\"(max-width: 768px) 100vw, 768px\" alt=\"\"  width=\"768\" height=\"512\"  \/><\/a>\t<\/div>\n<\/div>\n\n\n<div class=\"post-entry-content\">\n\n\t<h3 class=\"entry-title\">\n\t\t<a href=\"https:\/\/www.invictus-event.com\/site\/en\/19th-annual-congress-in-lausanne\/\" title=\"19th Annual Congress in Lausanne\" rel=\"bookmark\">19th Annual Congress in Lausanne<\/a>\n\t<\/h3>\n\n\t\n\t<div class=\"entry-excerpt\"><p>[vc_row gap=\u00a0\u00bb15&Prime;][vc_column css_animation=\u00a0\u00bbright-to-left\u00a0\u00bb width=\u00a0\u00bb2\/3&Prime;][\/vc_column][vc_column css_animation=\u00a0\u00bbleft-to-right\u00a0\u00bb width=\u00a0\u00bb1\/3&Prime;][vc_column_text css=\u00a0\u00bb\u00a0\u00bb]Dates: October 16\u201318, 2025 Location: Lausanne, Switzerland Client: Association of Adjusters specialized in risk\u2026<\/p>\n<\/div>\n\t\n<\/div><\/article><article class=\"post post-3169 type-post status-publish format-standard has-post-thumbnail hentry category-non-classe category-1\" data-name=\"Conf\u00e9rence annuelle \u00e0 Paris\" data-date=\"2026-01-13T13:32:26+01:00\">\n\n<div class=\"post-thumbnail-wrap\">\n\t<div class=\"post-thumbnail\">\n\t\t\n\t\t\n\t\t<a href=\"https:\/\/www.invictus-event.com\/site\/conference-annuelle-a-paris-2025\/\" class=\"post-thumbnail-rollover layzr-bg\" ><img decoding=\"async\" class=\"preload-me owl-lazy-load aspect\" src=\"data:image\/svg+xml,%3Csvg%20xmlns%3D&#39;http%3A%2F%2Fwww.w3.org%2F2000%2Fsvg&#39;%20viewBox%3D&#39;0%200%20768%20512&#39;%2F%3E\" data-src=\"https:\/\/www.invictus-event.com\/site\/wp-content\/uploads\/2026\/01\/24-940GWFAO4-768x512.jpg\" data-srcset=\"https:\/\/www.invictus-event.com\/site\/wp-content\/uploads\/2026\/01\/24-940GWFAO4-768x512.jpg 768w, https:\/\/www.invictus-event.com\/site\/wp-content\/uploads\/2026\/01\/24-940GWFAO4-960x640.jpg 960w\" loading=\"eager\" style=\"--ratio: 768 \/ 512\" sizes=\"(max-width: 768px) 100vw, 768px\" alt=\"\"  width=\"768\" height=\"512\"  \/><\/a>\t<\/div>\n<\/div>\n\n\n<div class=\"post-entry-content\">\n\n\t<h3 class=\"entry-title\">\n\t\t<a href=\"https:\/\/www.invictus-event.com\/site\/conference-annuelle-a-paris-2025\/\" title=\"Conf\u00e9rence annuelle \u00e0 Paris\" rel=\"bookmark\">Conf\u00e9rence annuelle \u00e0 Paris<\/a>\n\t<\/h3>\n\n\t\n\t<div class=\"entry-excerpt\"><p>[vc_row gap=\u00a0\u00bb15&Prime;][vc_column css_animation=\u00a0\u00bbright-to-left\u00a0\u00bb width=\u00a0\u00bb2\/3&Prime;][\/vc_column][vc_column css_animation=\u00a0\u00bbleft-to-right\u00a0\u00bb width=\u00a0\u00bb1\/3&Prime;][vc_column_text css=\u00a0\u00bb\u00a0\u00bb]Date :\u00a09 octobre 2025 Lieu :\u00a0Paris Client : Soci\u00e9t\u00e9 de conseil Format :\u00a0Conf\u00e9rence annuelle\u2026<\/p>\n<\/div>\n\t\n<\/div><\/article><article class=\"post post-3173 type-post status-publish format-standard has-post-thumbnail hentry category-non-classe-en category-12\" data-name=\"Annual Conference in Paris\" data-date=\"2026-01-13T13:32:25+01:00\">\n\n<div class=\"post-thumbnail-wrap\">\n\t<div class=\"post-thumbnail\">\n\t\t\n\t\t\n\t\t<a href=\"https:\/\/www.invictus-event.com\/site\/en\/annual-conference-in-paris-2025\/\" class=\"post-thumbnail-rollover layzr-bg\" ><img decoding=\"async\" class=\"preload-me owl-lazy-load aspect\" src=\"data:image\/svg+xml,%3Csvg%20xmlns%3D&#39;http%3A%2F%2Fwww.w3.org%2F2000%2Fsvg&#39;%20viewBox%3D&#39;0%200%20768%20512&#39;%2F%3E\" data-src=\"https:\/\/www.invictus-event.com\/site\/wp-content\/uploads\/2026\/01\/24-940GWFAO4-1-768x512.jpg\" data-srcset=\"https:\/\/www.invictus-event.com\/site\/wp-content\/uploads\/2026\/01\/24-940GWFAO4-1-768x512.jpg 768w, https:\/\/www.invictus-event.com\/site\/wp-content\/uploads\/2026\/01\/24-940GWFAO4-1-960x640.jpg 960w\" loading=\"eager\" style=\"--ratio: 768 \/ 512\" sizes=\"(max-width: 768px) 100vw, 768px\" alt=\"\"  width=\"768\" height=\"512\"  \/><\/a>\t<\/div>\n<\/div>\n\n\n<div class=\"post-entry-content\">\n\n\t<h3 class=\"entry-title\">\n\t\t<a href=\"https:\/\/www.invictus-event.com\/site\/en\/annual-conference-in-paris-2025\/\" title=\"Annual Conference in Paris\" rel=\"bookmark\">Annual Conference in Paris<\/a>\n\t<\/h3>\n\n\t\n\t<div class=\"entry-excerpt\"><p>[vc_row gap=\u00a0\u00bb15&Prime;][vc_column css_animation=\u00a0\u00bbright-to-left\u00a0\u00bb width=\u00a0\u00bb2\/3&Prime;][\/vc_column][vc_column css_animation=\u00a0\u00bbleft-to-right\u00a0\u00bb width=\u00a0\u00bb1\/3&Prime;][vc_column_text css=\u00a0\u00bb\u00a0\u00bb]Date: October 9, 2025 Location: Paris Client: Consulting firm Format: Annual conference with plenary\u2026<\/p>\n<\/div>\n\t\n<\/div><\/article><article class=\"post post-3134 type-post status-publish format-standard has-post-thumbnail hentry category-non-classe category-1\" data-name=\"Conf\u00e9rence \u00e0 Singapour\" data-date=\"2025-07-11T09:42:25+02:00\">\n\n<div class=\"post-thumbnail-wrap\">\n\t<div class=\"post-thumbnail\">\n\t\t\n\t\t\n\t\t<a href=\"https:\/\/www.invictus-event.com\/site\/conference-a-singapour\/\" class=\"post-thumbnail-rollover layzr-bg\" ><img decoding=\"async\" class=\"preload-me owl-lazy-load aspect\" src=\"data:image\/svg+xml,%3Csvg%20xmlns%3D&#39;http%3A%2F%2Fwww.w3.org%2F2000%2Fsvg&#39;%20viewBox%3D&#39;0%200%20768%20512&#39;%2F%3E\" data-src=\"https:\/\/www.invictus-event.com\/site\/wp-content\/uploads\/2025\/07\/evsininv0620251-768x512.jpg\" data-srcset=\"https:\/\/www.invictus-event.com\/site\/wp-content\/uploads\/2025\/07\/evsininv0620251-768x512.jpg 768w, https:\/\/www.invictus-event.com\/site\/wp-content\/uploads\/2025\/07\/evsininv0620251-960x640.jpg 960w\" loading=\"eager\" style=\"--ratio: 768 \/ 512\" sizes=\"(max-width: 768px) 100vw, 768px\" alt=\"\"  width=\"768\" height=\"512\"  \/><\/a>\t<\/div>\n<\/div>\n\n\n<div class=\"post-entry-content\">\n\n\t<h3 class=\"entry-title\">\n\t\t<a href=\"https:\/\/www.invictus-event.com\/site\/conference-a-singapour\/\" title=\"Conf\u00e9rence \u00e0 Singapour\" rel=\"bookmark\">Conf\u00e9rence \u00e0 Singapour<\/a>\n\t<\/h3>\n\n\t\n\t<div class=\"entry-excerpt\"><p>[vc_row gap=\u00a0\u00bb15&Prime;][vc_column css_animation=\u00a0\u00bbright-to-left\u00a0\u00bb width=\u00a0\u00bb2\/3&Prime;][\/vc_column][vc_column css_animation=\u00a0\u00bbleft-to-right\u00a0\u00bb width=\u00a0\u00bb1\/3&Prime;][vc_column_text css=\u00a0\u00bb\u00a0\u00bb]Date : du 25 au 27 juin 2025 Lieu : Singapour Client : R\u00e9seau\u2026<\/p>\n<\/div>\n\t\n<\/div><\/article><article class=\"post post-3138 type-post status-publish format-standard has-post-thumbnail hentry category-non-classe-en category-12\" data-name=\"Conference in Singapore\" data-date=\"2025-07-11T09:42:24+02:00\">\n\n<div class=\"post-thumbnail-wrap\">\n\t<div class=\"post-thumbnail\">\n\t\t\n\t\t\n\t\t<a href=\"https:\/\/www.invictus-event.com\/site\/en\/conference-in-singapore\/\" class=\"post-thumbnail-rollover layzr-bg\" ><img decoding=\"async\" class=\"preload-me owl-lazy-load aspect\" src=\"data:image\/svg+xml,%3Csvg%20xmlns%3D&#39;http%3A%2F%2Fwww.w3.org%2F2000%2Fsvg&#39;%20viewBox%3D&#39;0%200%20768%20512&#39;%2F%3E\" data-src=\"https:\/\/www.invictus-event.com\/site\/wp-content\/uploads\/2025\/07\/evsininv0620251-768x512.jpg\" data-srcset=\"https:\/\/www.invictus-event.com\/site\/wp-content\/uploads\/2025\/07\/evsininv0620251-768x512.jpg 768w, https:\/\/www.invictus-event.com\/site\/wp-content\/uploads\/2025\/07\/evsininv0620251-960x640.jpg 960w\" loading=\"eager\" style=\"--ratio: 768 \/ 512\" sizes=\"(max-width: 768px) 100vw, 768px\" alt=\"\"  width=\"768\" height=\"512\"  \/><\/a>\t<\/div>\n<\/div>\n\n\n<div class=\"post-entry-content\">\n\n\t<h3 class=\"entry-title\">\n\t\t<a href=\"https:\/\/www.invictus-event.com\/site\/en\/conference-in-singapore\/\" title=\"Conference in Singapore\" rel=\"bookmark\">Conference in Singapore<\/a>\n\t<\/h3>\n\n\t\n\t<div class=\"entry-excerpt\"><p>[vc_row gap=\u00a0\u00bb15&Prime;][vc_column css_animation=\u00a0\u00bbright-to-left\u00a0\u00bb width=\u00a0\u00bb2\/3&Prime;][\/vc_column][vc_column css_animation=\u00a0\u00bbleft-to-right\u00a0\u00bb width=\u00a0\u00bb1\/3&Prime;][vc_column_text css=\u00a0\u00bb\u00a0\u00bb]Date: June 25-27, 2025 Location: Singapore Client: Expert Networks Format: Meeting, tours, and evening\u2026<\/p>\n<\/div>\n\t\n<\/div><\/article><article class=\"post post-3130 type-post status-publish format-standard has-post-thumbnail hentry category-non-classe-en category-12\" data-name=\"Annual Conference in Benidorm\" data-date=\"2025-07-11T09:42:14+02:00\">\n\n<div class=\"post-thumbnail-wrap\">\n\t<div class=\"post-thumbnail\">\n\t\t\n\t\t\n\t\t<a href=\"https:\/\/www.invictus-event.com\/site\/en\/annual-conference-in-benidorm\/\" class=\"post-thumbnail-rollover layzr-bg\" ><img decoding=\"async\" class=\"preload-me owl-lazy-load aspect\" src=\"data:image\/svg+xml,%3Csvg%20xmlns%3D&#39;http%3A%2F%2Fwww.w3.org%2F2000%2Fsvg&#39;%20viewBox%3D&#39;0%200%20768%20512&#39;%2F%3E\" data-src=\"https:\/\/www.invictus-event.com\/site\/wp-content\/uploads\/2025\/07\/Evbeniinv0620255-1-768x512.jpg\" data-srcset=\"https:\/\/www.invictus-event.com\/site\/wp-content\/uploads\/2025\/07\/Evbeniinv0620255-1-768x512.jpg 768w, https:\/\/www.invictus-event.com\/site\/wp-content\/uploads\/2025\/07\/Evbeniinv0620255-1-960x640.jpg 960w\" loading=\"eager\" style=\"--ratio: 768 \/ 512\" sizes=\"(max-width: 768px) 100vw, 768px\" alt=\"\"  width=\"768\" height=\"512\"  \/><\/a>\t<\/div>\n<\/div>\n\n\n<div class=\"post-entry-content\">\n\n\t<h3 class=\"entry-title\">\n\t\t<a href=\"https:\/\/www.invictus-event.com\/site\/en\/annual-conference-in-benidorm\/\" title=\"Annual Conference in Benidorm\" rel=\"bookmark\">Annual Conference in Benidorm<\/a>\n\t<\/h3>\n\n\t\n\t<div class=\"entry-excerpt\"><p>[vc_row gap=\u00a0\u00bb15&Prime;][vc_column css_animation=\u00a0\u00bbright-to-left\u00a0\u00bb width=\u00a0\u00bb2\/3&Prime;][\/vc_column][vc_column css_animation=\u00a0\u00bbleft-to-right\u00a0\u00bb width=\u00a0\u00bb1\/3&Prime;][vc_column_text css=\u00a0\u00bb\u00a0\u00bb]Date: June 3-5, 2025 Location: Benidorm Client: European Association of Polyurethane Foam Manufacturers Format:\u2026<\/p>\n<\/div>\n\t\n<\/div><\/article><article class=\"post post-3127 type-post status-publish format-standard has-post-thumbnail hentry category-non-classe category-1\" data-name=\"Conf\u00e9rence annuelle \u00e0 Benidorm\" data-date=\"2025-07-11T09:42:13+02:00\">\n\n<div class=\"post-thumbnail-wrap\">\n\t<div class=\"post-thumbnail\">\n\t\t\n\t\t\n\t\t<a href=\"https:\/\/www.invictus-event.com\/site\/conference-annuelle-a-benidorm\/\" class=\"post-thumbnail-rollover layzr-bg\" ><img decoding=\"async\" class=\"preload-me owl-lazy-load aspect\" src=\"data:image\/svg+xml,%3Csvg%20xmlns%3D&#39;http%3A%2F%2Fwww.w3.org%2F2000%2Fsvg&#39;%20viewBox%3D&#39;0%200%20768%20512&#39;%2F%3E\" data-src=\"https:\/\/www.invictus-event.com\/site\/wp-content\/uploads\/2025\/07\/Evbeniinv0620255-768x512.jpg\" data-srcset=\"https:\/\/www.invictus-event.com\/site\/wp-content\/uploads\/2025\/07\/Evbeniinv0620255-768x512.jpg 768w, https:\/\/www.invictus-event.com\/site\/wp-content\/uploads\/2025\/07\/Evbeniinv0620255-960x640.jpg 960w\" loading=\"eager\" style=\"--ratio: 768 \/ 512\" sizes=\"(max-width: 768px) 100vw, 768px\" alt=\"\"  width=\"768\" height=\"512\"  \/><\/a>\t<\/div>\n<\/div>\n\n\n<div class=\"post-entry-content\">\n\n\t<h3 class=\"entry-title\">\n\t\t<a href=\"https:\/\/www.invictus-event.com\/site\/conference-annuelle-a-benidorm\/\" title=\"Conf\u00e9rence annuelle \u00e0 Benidorm\" rel=\"bookmark\">Conf\u00e9rence annuelle \u00e0 Benidorm<\/a>\n\t<\/h3>\n\n\t\n\t<div class=\"entry-excerpt\"><p>[vc_row gap=\u00a0\u00bb15&Prime;][vc_column css_animation=\u00a0\u00bbright-to-left\u00a0\u00bb width=\u00a0\u00bb2\/3&Prime;][\/vc_column][vc_column css_animation=\u00a0\u00bbleft-to-right\u00a0\u00bb width=\u00a0\u00bb1\/3&Prime;][vc_column_text css=\u00a0\u00bb\u00a0\u00bb]Date : du 3 au 5 juin 2025 Lieu : Benidorm Client : Association\u2026<\/p>\n<\/div>\n\t\n<\/div><\/article><article class=\"post post-3091 type-post status-publish format-standard has-post-thumbnail hentry category-non-classe category-1\" data-name=\"Congr\u00e8s annuel \u00e0 Madrid\" data-date=\"2025-05-26T09:42:17+02:00\">\n\n<div class=\"post-thumbnail-wrap\">\n\t<div class=\"post-thumbnail\">\n\t\t\n\t\t\n\t\t<a href=\"https:\/\/www.invictus-event.com\/site\/congres-annuel-a-madrid\/\" class=\"post-thumbnail-rollover layzr-bg\" ><img decoding=\"async\" class=\"preload-me owl-lazy-load aspect\" src=\"data:image\/svg+xml,%3Csvg%20xmlns%3D&#39;http%3A%2F%2Fwww.w3.org%2F2000%2Fsvg&#39;%20viewBox%3D&#39;0%200%20768%20512&#39;%2F%3E\" data-src=\"https:\/\/www.invictus-event.com\/site\/wp-content\/uploads\/2025\/05\/2-052025COMAAN-768x512.jpg\" data-srcset=\"https:\/\/www.invictus-event.com\/site\/wp-content\/uploads\/2025\/05\/2-052025COMAAN-768x512.jpg 768w, https:\/\/www.invictus-event.com\/site\/wp-content\/uploads\/2025\/05\/2-052025COMAAN-960x640.jpg 960w\" loading=\"eager\" style=\"--ratio: 768 \/ 512\" sizes=\"(max-width: 768px) 100vw, 768px\" alt=\"\"  width=\"768\" height=\"512\"  \/><\/a>\t<\/div>\n<\/div>\n\n\n<div class=\"post-entry-content\">\n\n\t<h3 class=\"entry-title\">\n\t\t<a href=\"https:\/\/www.invictus-event.com\/site\/congres-annuel-a-madrid\/\" title=\"Congr\u00e8s annuel \u00e0 Madrid\" rel=\"bookmark\">Congr\u00e8s annuel \u00e0 Madrid<\/a>\n\t<\/h3>\n\n\t\n\t<div class=\"entry-excerpt\"><p>[vc_row gap=\u00a0\u00bb15&Prime;][vc_column css_animation=\u00a0\u00bbright-to-left\u00a0\u00bb width=\u00a0\u00bb2\/3&Prime;][\/vc_column][vc_column css_animation=\u00a0\u00bbleft-to-right\u00a0\u00bb width=\u00a0\u00bb1\/3&Prime;][vc_column_text css=\u00a0\u00bb\u00a0\u00bb]Date : du 5 au 7 mai 2025 Lieu : Madrid Client : Amicale\u2026<\/p>\n<\/div>\n\t\n<\/div><\/article><article class=\"post post-3088 type-post status-publish format-standard has-post-thumbnail hentry category-non-classe-en category-12\" data-name=\"Annual congress in Madrid\" data-date=\"2025-05-26T09:42:11+02:00\">\n\n<div class=\"post-thumbnail-wrap\">\n\t<div class=\"post-thumbnail\">\n\t\t\n\t\t\n\t\t<a href=\"https:\/\/www.invictus-event.com\/site\/en\/annual-congress-in-madrid\/\" class=\"post-thumbnail-rollover layzr-bg\" ><img decoding=\"async\" class=\"preload-me owl-lazy-load aspect\" src=\"data:image\/svg+xml,%3Csvg%20xmlns%3D&#39;http%3A%2F%2Fwww.w3.org%2F2000%2Fsvg&#39;%20viewBox%3D&#39;0%200%20768%20512&#39;%2F%3E\" data-src=\"https:\/\/www.invictus-event.com\/site\/wp-content\/uploads\/2025\/05\/2-052025COMAAN-768x512.jpg\" data-srcset=\"https:\/\/www.invictus-event.com\/site\/wp-content\/uploads\/2025\/05\/2-052025COMAAN-768x512.jpg 768w, https:\/\/www.invictus-event.com\/site\/wp-content\/uploads\/2025\/05\/2-052025COMAAN-960x640.jpg 960w\" loading=\"eager\" style=\"--ratio: 768 \/ 512\" sizes=\"(max-width: 768px) 100vw, 768px\" alt=\"\"  width=\"768\" height=\"512\"  \/><\/a>\t<\/div>\n<\/div>\n\n\n<div class=\"post-entry-content\">\n\n\t<h3 class=\"entry-title\">\n\t\t<a href=\"https:\/\/www.invictus-event.com\/site\/en\/annual-congress-in-madrid\/\" title=\"Annual congress in Madrid\" rel=\"bookmark\">Annual congress in Madrid<\/a>\n\t<\/h3>\n\n\t\n\t<div class=\"entry-excerpt\"><p>[vc_row gap=\u00a0\u00bb15&Prime;][vc_column css_animation=\u00a0\u00bbright-to-left\u00a0\u00bb width=\u00a0\u00bb2\/3&Prime;][\/vc_column][vc_column css_animation=\u00a0\u00bbleft-to-right\u00a0\u00bb width=\u00a0\u00bb1\/3&Prime;][vc_column_text css=\u00a0\u00bb\u00a0\u00bb]Date: 5 to 7 May 2025 Venue : Madrid Client: Association of Automotive experts\u2026<\/p>\n<\/div>\n\t\n<\/div><\/article><article class=\"post post-3072 type-post status-publish format-standard has-post-thumbnail hentry category-non-classe category-1\" data-name=\"S\u00e9minaire au Stade de France\" data-date=\"2025-05-26T09:42:05+02:00\">\n\n<div class=\"post-thumbnail-wrap\">\n\t<div class=\"post-thumbnail\">\n\t\t\n\t\t\n\t\t<a href=\"https:\/\/www.invictus-event.com\/site\/seminaire-au-stade-de-france\/\" class=\"post-thumbnail-rollover layzr-bg\" ><img decoding=\"async\" class=\"preload-me owl-lazy-load aspect\" src=\"data:image\/svg+xml,%3Csvg%20xmlns%3D&#39;http%3A%2F%2Fwww.w3.org%2F2000%2Fsvg&#39;%20viewBox%3D&#39;0%200%20768%20512&#39;%2F%3E\" data-src=\"https:\/\/www.invictus-event.com\/site\/wp-content\/uploads\/2025\/05\/2-052025SF-768x512.jpg\" data-srcset=\"https:\/\/www.invictus-event.com\/site\/wp-content\/uploads\/2025\/05\/2-052025SF-768x512.jpg 768w, https:\/\/www.invictus-event.com\/site\/wp-content\/uploads\/2025\/05\/2-052025SF-960x640.jpg 960w\" loading=\"eager\" style=\"--ratio: 768 \/ 512\" sizes=\"(max-width: 768px) 100vw, 768px\" alt=\"\"  width=\"768\" height=\"512\"  \/><\/a>\t<\/div>\n<\/div>\n\n\n<div class=\"post-entry-content\">\n\n\t<h3 class=\"entry-title\">\n\t\t<a href=\"https:\/\/www.invictus-event.com\/site\/seminaire-au-stade-de-france\/\" title=\"S\u00e9minaire au Stade de France\" rel=\"bookmark\">S\u00e9minaire au Stade de France<\/a>\n\t<\/h3>\n\n\t\n\t<div class=\"entry-excerpt\"><p>[vc_row gap=\u00a0\u00bb15&Prime;][vc_column css_animation=\u00a0\u00bbright-to-left\u00a0\u00bb width=\u00a0\u00bb2\/3&Prime;][\/vc_column][vc_column css_animation=\u00a0\u00bbleft-to-right\u00a0\u00bb width=\u00a0\u00bb1\/3&Prime;][vc_column_text css=\u00a0\u00bb\u00a0\u00bb]Date: 28 mars 2025 Lieu: Paris Client: Am\u00e9nagement du territoire Format: Visite guid\u00e9e, d\u00e9jeuner\u2026<\/p>\n<\/div>\n\t\n<\/div><\/article><article class=\"post post-3077 type-post status-publish format-standard has-post-thumbnail hentry category-non-classe-en category-12\" data-name=\"Seminar at the Stade de France\" data-date=\"2025-05-26T09:41:57+02:00\">\n\n<div class=\"post-thumbnail-wrap\">\n\t<div class=\"post-thumbnail\">\n\t\t\n\t\t\n\t\t<a href=\"https:\/\/www.invictus-event.com\/site\/en\/seminar-at-the-stade-de-france\/\" class=\"post-thumbnail-rollover layzr-bg\" ><img decoding=\"async\" class=\"preload-me owl-lazy-load aspect\" src=\"data:image\/svg+xml,%3Csvg%20xmlns%3D&#39;http%3A%2F%2Fwww.w3.org%2F2000%2Fsvg&#39;%20viewBox%3D&#39;0%200%20768%20512&#39;%2F%3E\" data-src=\"https:\/\/www.invictus-event.com\/site\/wp-content\/uploads\/2025\/05\/2-052025SF-768x512.jpg\" data-srcset=\"https:\/\/www.invictus-event.com\/site\/wp-content\/uploads\/2025\/05\/2-052025SF-768x512.jpg 768w, https:\/\/www.invictus-event.com\/site\/wp-content\/uploads\/2025\/05\/2-052025SF-960x640.jpg 960w\" loading=\"eager\" style=\"--ratio: 768 \/ 512\" sizes=\"(max-width: 768px) 100vw, 768px\" alt=\"\"  width=\"768\" height=\"512\"  \/><\/a>\t<\/div>\n<\/div>\n\n\n<div class=\"post-entry-content\">\n\n\t<h3 class=\"entry-title\">\n\t\t<a href=\"https:\/\/www.invictus-event.com\/site\/en\/seminar-at-the-stade-de-france\/\" title=\"Seminar at the Stade de France\" rel=\"bookmark\">Seminar at the Stade de France<\/a>\n\t<\/h3>\n\n\t\n\t<div class=\"entry-excerpt\"><p>[vc_row gap=\u00a0\u00bb15&Prime;][vc_column css_animation=\u00a0\u00bbright-to-left\u00a0\u00bb width=\u00a0\u00bb2\/3&Prime;][\/vc_column][vc_column css_animation=\u00a0\u00bbleft-to-right\u00a0\u00bb width=\u00a0\u00bb1\/3&Prime;][vc_column_text css=\u00a0\u00bb\u00a0\u00bb]Date: 28 March 2025 Location: Paris Client: Management of the territory Format: Guided tour,\u2026<\/p>\n<\/div>\n\t\n<\/div><\/article><article class=\"post post-3018 type-post status-publish format-standard has-post-thumbnail hentry category-non-classe-en category-12\" data-name=\"Annual meeting at Maison de l&rsquo;Oc\u00e9an\" data-date=\"2024-12-11T15:41:16+01:00\">\n\n<div class=\"post-thumbnail-wrap\">\n\t<div class=\"post-thumbnail\">\n\t\t\n\t\t\n\t\t<a href=\"https:\/\/www.invictus-event.com\/site\/en\/annual-meeting-at-maison-de-locean\/\" class=\"post-thumbnail-rollover layzr-bg\" ><img decoding=\"async\" class=\"preload-me owl-lazy-load aspect\" src=\"data:image\/svg+xml,%3Csvg%20xmlns%3D&#39;http%3A%2F%2Fwww.w3.org%2F2000%2Fsvg&#39;%20viewBox%3D&#39;0%200%20768%20512&#39;%2F%3E\" data-src=\"https:\/\/www.invictus-event.com\/site\/wp-content\/uploads\/2024\/12\/89f4bb-768x512.jpg\" data-srcset=\"https:\/\/www.invictus-event.com\/site\/wp-content\/uploads\/2024\/12\/89f4bb-768x512.jpg 768w, https:\/\/www.invictus-event.com\/site\/wp-content\/uploads\/2024\/12\/89f4bb-960x640.jpg 960w\" loading=\"eager\" style=\"--ratio: 768 \/ 512\" sizes=\"(max-width: 768px) 100vw, 768px\" alt=\"\"  width=\"768\" height=\"512\"  \/><\/a>\t<\/div>\n<\/div>\n\n\n<div class=\"post-entry-content\">\n\n\t<h3 class=\"entry-title\">\n\t\t<a href=\"https:\/\/www.invictus-event.com\/site\/en\/annual-meeting-at-maison-de-locean\/\" title=\"Annual meeting at Maison de l&rsquo;Oc\u00e9an\" rel=\"bookmark\">Annual meeting at Maison de l&rsquo;Oc\u00e9an<\/a>\n\t<\/h3>\n\n\t\n\t<div class=\"entry-excerpt\"><p>[vc_row gap=\u00a0\u00bb15&Prime;][vc_column css_animation=\u00a0\u00bbright-to-left\u00a0\u00bb width=\u00a0\u00bb2\/3&Prime;][\/vc_column][vc_column css_animation=\u00a0\u00bbleft-to-right\u00a0\u00bb width=\u00a0\u00bb1\/3&Prime;][vc_column_text css=\u00a0\u00bb\u00a0\u00bb]Date: 5th December 2024 Place: Paris Client: Tool industry Format: Plenary meeting and cocktail\u2026<\/p>\n<\/div>\n\t\n<\/div><\/article><article class=\"post post-3016 type-post status-publish format-standard has-post-thumbnail hentry category-non-classe category-1\" data-name=\"R\u00e9union annuelle \u00e0 la Maison de l\u2019Oc\u00e9an\" data-date=\"2024-12-11T15:41:10+01:00\">\n\n<div class=\"post-thumbnail-wrap\">\n\t<div class=\"post-thumbnail\">\n\t\t\n\t\t\n\t\t<a href=\"https:\/\/www.invictus-event.com\/site\/reunion-annuelle-a-la-maison-de-locean\/\" class=\"post-thumbnail-rollover layzr-bg\" ><img decoding=\"async\" class=\"preload-me owl-lazy-load aspect\" src=\"data:image\/svg+xml,%3Csvg%20xmlns%3D&#39;http%3A%2F%2Fwww.w3.org%2F2000%2Fsvg&#39;%20viewBox%3D&#39;0%200%20768%20512&#39;%2F%3E\" data-src=\"https:\/\/www.invictus-event.com\/site\/wp-content\/uploads\/2024\/12\/89f4bb-768x512.jpg\" data-srcset=\"https:\/\/www.invictus-event.com\/site\/wp-content\/uploads\/2024\/12\/89f4bb-768x512.jpg 768w, https:\/\/www.invictus-event.com\/site\/wp-content\/uploads\/2024\/12\/89f4bb-960x640.jpg 960w\" loading=\"eager\" style=\"--ratio: 768 \/ 512\" sizes=\"(max-width: 768px) 100vw, 768px\" alt=\"\"  width=\"768\" height=\"512\"  \/><\/a>\t<\/div>\n<\/div>\n\n\n<div class=\"post-entry-content\">\n\n\t<h3 class=\"entry-title\">\n\t\t<a href=\"https:\/\/www.invictus-event.com\/site\/reunion-annuelle-a-la-maison-de-locean\/\" title=\"R\u00e9union annuelle \u00e0 la Maison de l\u2019Oc\u00e9an\" rel=\"bookmark\">R\u00e9union annuelle \u00e0 la Maison de l\u2019Oc\u00e9an<\/a>\n\t<\/h3>\n\n\t\n\t<div class=\"entry-excerpt\"><p>[vc_row gap=\u00a0\u00bb15&Prime;][vc_column css_animation=\u00a0\u00bbright-to-left\u00a0\u00bb width=\u00a0\u00bb2\/3&Prime;][\/vc_column][vc_column css_animation=\u00a0\u00bbleft-to-right\u00a0\u00bb width=\u00a0\u00bb1\/3&Prime;][vc_column_text css=\u00a0\u00bb\u00a0\u00bb]Date : 5 d\u00e9cembre 2024 Lieu : Paris Client : Fili\u00e8re de l\u2019outillage Format\u2026<\/p>\n<\/div>\n\t\n<\/div><\/article><article class=\"post post-3012 type-post status-publish format-standard has-post-thumbnail hentry category-non-classe-en category-12\" data-name=\"Lawyers&rsquo; association conference in Cannes\" data-date=\"2024-12-11T15:35:25+01:00\">\n\n<div class=\"post-thumbnail-wrap\">\n\t<div class=\"post-thumbnail\">\n\t\t\n\t\t\n\t\t<a href=\"https:\/\/www.invictus-event.com\/site\/en\/lawyers-association-conference-in-cannes\/\" class=\"post-thumbnail-rollover layzr-bg\" ><img decoding=\"async\" class=\"preload-me owl-lazy-load aspect\" src=\"data:image\/svg+xml,%3Csvg%20xmlns%3D&#39;http%3A%2F%2Fwww.w3.org%2F2000%2Fsvg&#39;%20viewBox%3D&#39;0%200%20768%20512&#39;%2F%3E\" data-src=\"https:\/\/www.invictus-event.com\/site\/wp-content\/uploads\/2024\/12\/235554-768x512.jpg\" data-srcset=\"https:\/\/www.invictus-event.com\/site\/wp-content\/uploads\/2024\/12\/235554-768x512.jpg 768w, https:\/\/www.invictus-event.com\/site\/wp-content\/uploads\/2024\/12\/235554-960x640.jpg 960w\" loading=\"eager\" style=\"--ratio: 768 \/ 512\" sizes=\"(max-width: 768px) 100vw, 768px\" alt=\"\"  width=\"768\" height=\"512\"  \/><\/a>\t<\/div>\n<\/div>\n\n\n<div class=\"post-entry-content\">\n\n\t<h3 class=\"entry-title\">\n\t\t<a href=\"https:\/\/www.invictus-event.com\/site\/en\/lawyers-association-conference-in-cannes\/\" title=\"Lawyers&rsquo; association conference in Cannes\" rel=\"bookmark\">Lawyers&rsquo; association conference in Cannes<\/a>\n\t<\/h3>\n\n\t\n\t<div class=\"entry-excerpt\"><p>[vc_row gap=\u00a0\u00bb15&Prime;][vc_column css_animation=\u00a0\u00bbright-to-left\u00a0\u00bb width=\u00a0\u00bb2\/3&Prime;][\/vc_column][vc_column css_animation=\u00a0\u00bbleft-to-right\u00a0\u00bb width=\u00a0\u00bb1\/3&Prime;][vc_column_text css=\u00a0\u00bb\u00a0\u00bb]Date: 11 to 12 October 2024 Location: Cannes Client: Lawyers Format: Meeting, gala evening\u2026<\/p>\n<\/div>\n\t\n<\/div><\/article><article class=\"post post-3008 type-post status-publish format-standard has-post-thumbnail hentry category-non-classe category-1\" data-name=\"Congr\u00e8s association d\u2019avocats \u00e0 Cannes\" data-date=\"2024-12-11T15:35:19+01:00\">\n\n<div class=\"post-thumbnail-wrap\">\n\t<div class=\"post-thumbnail\">\n\t\t\n\t\t\n\t\t<a href=\"https:\/\/www.invictus-event.com\/site\/congres-association-davocats-a-cannes\/\" class=\"post-thumbnail-rollover layzr-bg\" ><img decoding=\"async\" class=\"preload-me owl-lazy-load aspect\" src=\"data:image\/svg+xml,%3Csvg%20xmlns%3D&#39;http%3A%2F%2Fwww.w3.org%2F2000%2Fsvg&#39;%20viewBox%3D&#39;0%200%20768%20512&#39;%2F%3E\" data-src=\"https:\/\/www.invictus-event.com\/site\/wp-content\/uploads\/2024\/12\/235554-768x512.jpg\" data-srcset=\"https:\/\/www.invictus-event.com\/site\/wp-content\/uploads\/2024\/12\/235554-768x512.jpg 768w, https:\/\/www.invictus-event.com\/site\/wp-content\/uploads\/2024\/12\/235554-960x640.jpg 960w\" loading=\"eager\" style=\"--ratio: 768 \/ 512\" sizes=\"(max-width: 768px) 100vw, 768px\" alt=\"\"  width=\"768\" height=\"512\"  \/><\/a>\t<\/div>\n<\/div>\n\n\n<div class=\"post-entry-content\">\n\n\t<h3 class=\"entry-title\">\n\t\t<a href=\"https:\/\/www.invictus-event.com\/site\/congres-association-davocats-a-cannes\/\" title=\"Congr\u00e8s association d\u2019avocats \u00e0 Cannes\" rel=\"bookmark\">Congr\u00e8s association d\u2019avocats \u00e0 Cannes<\/a>\n\t<\/h3>\n\n\t\n\t<div class=\"entry-excerpt\"><p>[vc_row gap=\u00a0\u00bb15&Prime;][vc_column css_animation=\u00a0\u00bbright-to-left\u00a0\u00bb width=\u00a0\u00bb2\/3&Prime;][\/vc_column][vc_column css_animation=\u00a0\u00bbleft-to-right\u00a0\u00bb width=\u00a0\u00bb1\/3&Prime;][vc_column_text css=\u00a0\u00bb\u00a0\u00bb]Date : 11 au 12 octobre 2024 Lieu : Cannes Client : Avocats Format\u2026<\/p>\n<\/div>\n\t\n<\/div><\/article><article class=\"post post-3003 type-post status-publish format-standard has-post-thumbnail hentry category-non-classe-en category-12\" data-name=\"Annual conference at the Jardins de Saint-Dominique\" data-date=\"2024-12-11T15:29:07+01:00\">\n\n<div class=\"post-thumbnail-wrap\">\n\t<div class=\"post-thumbnail\">\n\t\t\n\t\t\n\t\t<a href=\"https:\/\/www.invictus-event.com\/site\/en\/annual-conference-at-the-jardins-de-saint-dominique\/\" class=\"post-thumbnail-rollover layzr-bg\" ><img decoding=\"async\" class=\"preload-me owl-lazy-load aspect\" src=\"data:image\/svg+xml,%3Csvg%20xmlns%3D&#39;http%3A%2F%2Fwww.w3.org%2F2000%2Fsvg&#39;%20viewBox%3D&#39;0%200%20768%20512&#39;%2F%3E\" data-src=\"https:\/\/www.invictus-event.com\/site\/wp-content\/uploads\/2024\/12\/7884611h-1-768x512.jpg\" data-srcset=\"https:\/\/www.invictus-event.com\/site\/wp-content\/uploads\/2024\/12\/7884611h-1-768x512.jpg 768w, https:\/\/www.invictus-event.com\/site\/wp-content\/uploads\/2024\/12\/7884611h-1-960x640.jpg 960w\" loading=\"eager\" style=\"--ratio: 768 \/ 512\" sizes=\"(max-width: 768px) 100vw, 768px\" alt=\"\"  width=\"768\" height=\"512\"  \/><\/a>\t<\/div>\n<\/div>\n\n\n<div class=\"post-entry-content\">\n\n\t<h3 class=\"entry-title\">\n\t\t<a href=\"https:\/\/www.invictus-event.com\/site\/en\/annual-conference-at-the-jardins-de-saint-dominique\/\" title=\"Annual conference at the Jardins de Saint-Dominique\" rel=\"bookmark\">Annual conference at the Jardins de Saint-Dominique<\/a>\n\t<\/h3>\n\n\t\n\t<div class=\"entry-excerpt\"><p>[vc_row gap=\u00a0\u00bb15&Prime;][vc_column css_animation=\u00a0\u00bbright-to-left\u00a0\u00bb width=\u00a0\u00bb2\/3&Prime;][\/vc_column][vc_column css_animation=\u00a0\u00bbleft-to-right\u00a0\u00bb width=\u00a0\u00bb1\/3&Prime;][vc_column_text css=\u00a0\u00bb\u00a0\u00bb]Date: 10 October 2024 Location: Paris Client: Finance and tax consultancy Format: Full-day meeting\u2026<\/p>\n<\/div>\n\t\n<\/div><\/article><article class=\"post post-3000 type-post status-publish format-standard has-post-thumbnail hentry category-non-classe category-1\" data-name=\"Conf\u00e9rence annuelle aux Jardins de Saint-Dominique\" data-date=\"2024-12-11T15:28:59+01:00\">\n\n<div class=\"post-thumbnail-wrap\">\n\t<div class=\"post-thumbnail\">\n\t\t\n\t\t\n\t\t<a href=\"https:\/\/www.invictus-event.com\/site\/conference-annuelle-au-jardins-de-saint-dominique\/\" class=\"post-thumbnail-rollover layzr-bg\" ><img decoding=\"async\" class=\"preload-me owl-lazy-load aspect\" src=\"data:image\/svg+xml,%3Csvg%20xmlns%3D&#39;http%3A%2F%2Fwww.w3.org%2F2000%2Fsvg&#39;%20viewBox%3D&#39;0%200%20768%20512&#39;%2F%3E\" data-src=\"https:\/\/www.invictus-event.com\/site\/wp-content\/uploads\/2024\/12\/7884611h-768x512.jpg\" data-srcset=\"https:\/\/www.invictus-event.com\/site\/wp-content\/uploads\/2024\/12\/7884611h-768x512.jpg 768w, https:\/\/www.invictus-event.com\/site\/wp-content\/uploads\/2024\/12\/7884611h-960x640.jpg 960w\" loading=\"eager\" style=\"--ratio: 768 \/ 512\" sizes=\"(max-width: 768px) 100vw, 768px\" alt=\"\"  width=\"768\" height=\"512\"  \/><\/a>\t<\/div>\n<\/div>\n\n\n<div class=\"post-entry-content\">\n\n\t<h3 class=\"entry-title\">\n\t\t<a href=\"https:\/\/www.invictus-event.com\/site\/conference-annuelle-au-jardins-de-saint-dominique\/\" title=\"Conf\u00e9rence annuelle aux Jardins de Saint-Dominique\" rel=\"bookmark\">Conf\u00e9rence annuelle aux Jardins de Saint-Dominique<\/a>\n\t<\/h3>\n\n\t\n\t<div class=\"entry-excerpt\"><p>[vc_row gap=\u00a0\u00bb15&Prime;][vc_column css_animation=\u00a0\u00bbright-to-left\u00a0\u00bb width=\u00a0\u00bb2\/3&Prime;][\/vc_column][vc_column css_animation=\u00a0\u00bbleft-to-right\u00a0\u00bb width=\u00a0\u00bb1\/3&Prime;][vc_column_text css=\u00a0\u00bb\u00a0\u00bb]Date : 10 octobre 2024 Lieu : Paris Client : Cabinet de conseil en\u2026<\/p>\n<\/div>\n\t\n<\/div><\/article><article class=\"post post-2968 type-post status-publish format-standard has-post-thumbnail hentry category-non-classe-en category-12\" data-name=\"Seminar at La Baule\" data-date=\"2024-12-05T14:34:00+01:00\">\n\n<div class=\"post-thumbnail-wrap\">\n\t<div class=\"post-thumbnail\">\n\t\t\n\t\t\n\t\t<a href=\"https:\/\/www.invictus-event.com\/site\/en\/seminar-at-la-baule\/\" class=\"post-thumbnail-rollover layzr-bg\" ><img decoding=\"async\" class=\"preload-me owl-lazy-load aspect\" src=\"data:image\/svg+xml,%3Csvg%20xmlns%3D&#39;http%3A%2F%2Fwww.w3.org%2F2000%2Fsvg&#39;%20viewBox%3D&#39;0%200%20768%20512&#39;%2F%3E\" data-src=\"https:\/\/www.invictus-event.com\/site\/wp-content\/uploads\/2024\/12\/Calque-1-768x512.jpg\" data-srcset=\"https:\/\/www.invictus-event.com\/site\/wp-content\/uploads\/2024\/12\/Calque-1-768x512.jpg 768w, https:\/\/www.invictus-event.com\/site\/wp-content\/uploads\/2024\/12\/Calque-1-960x640.jpg 960w\" loading=\"eager\" style=\"--ratio: 768 \/ 512\" sizes=\"(max-width: 768px) 100vw, 768px\" alt=\"\"  width=\"768\" height=\"512\"  \/><\/a>\t<\/div>\n<\/div>\n\n\n<div class=\"post-entry-content\">\n\n\t<h3 class=\"entry-title\">\n\t\t<a href=\"https:\/\/www.invictus-event.com\/site\/en\/seminar-at-la-baule\/\" title=\"Seminar at La Baule\" rel=\"bookmark\">Seminar at La Baule<\/a>\n\t<\/h3>\n\n\t\n\t<div class=\"entry-excerpt\"><p>[vc_row gap=\u00a0\u00bb15&Prime;][vc_column css_animation=\u00a0\u00bbright-to-left\u00a0\u00bb width=\u00a0\u00bb2\/3&Prime;][\/vc_column][vc_column css_animation=\u00a0\u00bbleft-to-right\u00a0\u00bb width=\u00a0\u00bb1\/3&Prime;][vc_column_text css=\u00a0\u00bb\u00a0\u00bb]Date: 19 to 21 November 2024 Place : La Baule Client : Capital Investissement\u2026<\/p>\n<\/div>\n\t\n<\/div><\/article><article class=\"post post-2964 type-post status-publish format-standard has-post-thumbnail hentry category-non-classe category-1\" data-name=\"S\u00e9minaire \u00e0 la Baule\" data-date=\"2024-12-05T14:30:44+01:00\">\n\n<div class=\"post-thumbnail-wrap\">\n\t<div class=\"post-thumbnail\">\n\t\t\n\t\t\n\t\t<a href=\"https:\/\/www.invictus-event.com\/site\/seminaire-a-la-baule-2\/\" class=\"post-thumbnail-rollover layzr-bg\" ><img decoding=\"async\" class=\"preload-me owl-lazy-load aspect\" src=\"data:image\/svg+xml,%3Csvg%20xmlns%3D&#39;http%3A%2F%2Fwww.w3.org%2F2000%2Fsvg&#39;%20viewBox%3D&#39;0%200%20768%20512&#39;%2F%3E\" data-src=\"https:\/\/www.invictus-event.com\/site\/wp-content\/uploads\/2024\/12\/Calque-1-768x512.jpg\" data-srcset=\"https:\/\/www.invictus-event.com\/site\/wp-content\/uploads\/2024\/12\/Calque-1-768x512.jpg 768w, https:\/\/www.invictus-event.com\/site\/wp-content\/uploads\/2024\/12\/Calque-1-960x640.jpg 960w\" loading=\"eager\" style=\"--ratio: 768 \/ 512\" sizes=\"(max-width: 768px) 100vw, 768px\" alt=\"\"  width=\"768\" height=\"512\"  \/><\/a>\t<\/div>\n<\/div>\n\n\n<div class=\"post-entry-content\">\n\n\t<h3 class=\"entry-title\">\n\t\t<a href=\"https:\/\/www.invictus-event.com\/site\/seminaire-a-la-baule-2\/\" title=\"S\u00e9minaire \u00e0 la Baule\" rel=\"bookmark\">S\u00e9minaire \u00e0 la Baule<\/a>\n\t<\/h3>\n\n\t\n\t<div class=\"entry-excerpt\"><p>[vc_row gap=\u00a0\u00bb15&Prime;][vc_column css_animation=\u00a0\u00bbright-to-left\u00a0\u00bb width=\u00a0\u00bb2\/3&Prime;][\/vc_column][vc_column css_animation=\u00a0\u00bbleft-to-right\u00a0\u00bb width=\u00a0\u00bb1\/3&Prime;][vc_column_text css=\u00a0\u00bb\u00a0\u00bb]Date : 19 au 21 novembre 2024 Lieu : La Baule Client : Capital\u2026<\/p>\n<\/div>\n\t\n<\/div><\/article><article class=\"post post-2955 type-post status-publish format-standard has-post-thumbnail hentry category-non-classe-en category-12\" data-name=\"Annual conference in Istanbul\" data-date=\"2024-10-01T18:11:02+02:00\">\n\n<div class=\"post-thumbnail-wrap\">\n\t<div class=\"post-thumbnail\">\n\t\t\n\t\t\n\t\t<a href=\"https:\/\/www.invictus-event.com\/site\/en\/annual-conference-in-istanbul\/\" class=\"post-thumbnail-rollover layzr-bg\" ><img decoding=\"async\" class=\"preload-me owl-lazy-load aspect\" src=\"data:image\/svg+xml,%3Csvg%20xmlns%3D&#39;http%3A%2F%2Fwww.w3.org%2F2000%2Fsvg&#39;%20viewBox%3D&#39;0%200%20768%20512&#39;%2F%3E\" data-src=\"https:\/\/www.invictus-event.com\/site\/wp-content\/uploads\/2024\/10\/3.Conference-annuelle-a-Istanbul-768x512.jpg\" data-srcset=\"https:\/\/www.invictus-event.com\/site\/wp-content\/uploads\/2024\/10\/3.Conference-annuelle-a-Istanbul-768x512.jpg 768w, https:\/\/www.invictus-event.com\/site\/wp-content\/uploads\/2024\/10\/3.Conference-annuelle-a-Istanbul-960x640.jpg 960w\" loading=\"eager\" style=\"--ratio: 768 \/ 512\" sizes=\"(max-width: 768px) 100vw, 768px\" alt=\"\"  width=\"768\" height=\"512\"  \/><\/a>\t<\/div>\n<\/div>\n\n\n<div class=\"post-entry-content\">\n\n\t<h3 class=\"entry-title\">\n\t\t<a href=\"https:\/\/www.invictus-event.com\/site\/en\/annual-conference-in-istanbul\/\" title=\"Annual conference in Istanbul\" rel=\"bookmark\">Annual conference in Istanbul<\/a>\n\t<\/h3>\n\n\t\n\t<div class=\"entry-excerpt\"><p>[vc_row gap=\u00a0\u00bb15&Prime;][vc_column css_animation=\u00a0\u00bbright-to-left\u00a0\u00bb width=\u00a0\u00bb2\/3&Prime;][\/vc_column][vc_column css_animation=\u00a0\u00bbleft-to-right\u00a0\u00bb width=\u00a0\u00bb1\/3&Prime;][vc_column_text css=\u00a0\u00bb\u00a0\u00bb]Date: 11 to 19 June 2024 Location : Istanbul Client : European Association of\u2026<\/p>\n<\/div>\n\t\n<\/div><\/article><article class=\"post post-2953 type-post status-publish format-standard has-post-thumbnail hentry category-non-classe category-1\" data-name=\"Conf\u00e9rence annuelle \u00e0 Istanbul\" data-date=\"2024-10-01T18:10:55+02:00\">\n\n<div class=\"post-thumbnail-wrap\">\n\t<div class=\"post-thumbnail\">\n\t\t\n\t\t\n\t\t<a href=\"https:\/\/www.invictus-event.com\/site\/conference-annuelle-a-istanbul\/\" class=\"post-thumbnail-rollover layzr-bg\" ><img decoding=\"async\" class=\"preload-me owl-lazy-load aspect\" src=\"data:image\/svg+xml,%3Csvg%20xmlns%3D&#39;http%3A%2F%2Fwww.w3.org%2F2000%2Fsvg&#39;%20viewBox%3D&#39;0%200%20768%20512&#39;%2F%3E\" data-src=\"https:\/\/www.invictus-event.com\/site\/wp-content\/uploads\/2024\/10\/3.Conference-annuelle-a-Istanbul-768x512.jpg\" data-srcset=\"https:\/\/www.invictus-event.com\/site\/wp-content\/uploads\/2024\/10\/3.Conference-annuelle-a-Istanbul-768x512.jpg 768w, https:\/\/www.invictus-event.com\/site\/wp-content\/uploads\/2024\/10\/3.Conference-annuelle-a-Istanbul-960x640.jpg 960w\" loading=\"eager\" style=\"--ratio: 768 \/ 512\" sizes=\"(max-width: 768px) 100vw, 768px\" alt=\"\"  width=\"768\" height=\"512\"  \/><\/a>\t<\/div>\n<\/div>\n\n\n<div class=\"post-entry-content\">\n\n\t<h3 class=\"entry-title\">\n\t\t<a href=\"https:\/\/www.invictus-event.com\/site\/conference-annuelle-a-istanbul\/\" title=\"Conf\u00e9rence annuelle \u00e0 Istanbul\" rel=\"bookmark\">Conf\u00e9rence annuelle \u00e0 Istanbul<\/a>\n\t<\/h3>\n\n\t\n\t<div class=\"entry-excerpt\"><p>[vc_row gap=\u00a0\u00bb15&Prime;][vc_column css_animation=\u00a0\u00bbright-to-left\u00a0\u00bb width=\u00a0\u00bb2\/3&Prime;][\/vc_column][vc_column css_animation=\u00a0\u00bbleft-to-right\u00a0\u00bb width=\u00a0\u00bb1\/3&Prime;][vc_column_text css=\u00a0\u00bb\u00a0\u00bb]Date : 11 au 19 juin 2024 Lieu : Istanbul Client : Association europ\u00e9enne\u2026<\/p>\n<\/div>\n\t\n<\/div><\/article><article class=\"post post-2949 type-post status-publish format-standard has-post-thumbnail hentry category-non-classe-en category-12\" data-name=\"Staff day 2 CV Rallye and evening party in Paris\" data-date=\"2024-10-01T18:10:46+02:00\">\n\n<div class=\"post-thumbnail-wrap\">\n\t<div class=\"post-thumbnail\">\n\t\t\n\t\t\n\t\t<a href=\"https:\/\/www.invictus-event.com\/site\/en\/staff-day-2-cv-rallye-and-evening-party-in-paris\/\" class=\"post-thumbnail-rollover layzr-bg\" ><img decoding=\"async\" class=\"preload-me owl-lazy-load aspect\" src=\"data:image\/svg+xml,%3Csvg%20xmlns%3D&#39;http%3A%2F%2Fwww.w3.org%2F2000%2Fsvg&#39;%20viewBox%3D&#39;0%200%20768%20512&#39;%2F%3E\" data-src=\"https:\/\/www.invictus-event.com\/site\/wp-content\/uploads\/2024\/10\/11122024-768x512.jpg\" data-srcset=\"https:\/\/www.invictus-event.com\/site\/wp-content\/uploads\/2024\/10\/11122024-768x512.jpg 768w, https:\/\/www.invictus-event.com\/site\/wp-content\/uploads\/2024\/10\/11122024-960x640.jpg 960w\" loading=\"eager\" style=\"--ratio: 768 \/ 512\" sizes=\"(max-width: 768px) 100vw, 768px\" alt=\"\"  width=\"768\" height=\"512\"  \/><\/a>\t<\/div>\n<\/div>\n\n\n<div class=\"post-entry-content\">\n\n\t<h3 class=\"entry-title\">\n\t\t<a href=\"https:\/\/www.invictus-event.com\/site\/en\/staff-day-2-cv-rallye-and-evening-party-in-paris\/\" title=\"Staff day 2 CV Rallye and evening party in Paris\" rel=\"bookmark\">Staff day 2 CV Rallye and evening party in Paris<\/a>\n\t<\/h3>\n\n\t\n\t<div class=\"entry-excerpt\"><p>[vc_row gap=\u00a0\u00bb15&Prime;][vc_column css_animation=\u00a0\u00bbright-to-left\u00a0\u00bb width=\u00a0\u00bb2\/3&Prime;][\/vc_column][vc_column css_animation=\u00a0\u00bbleft-to-right\u00a0\u00bb width=\u00a0\u00bb1\/3&Prime;][vc_column_text css=\u00a0\u00bb\u00a0\u00bb]Date: 12 to 14 June 2024 Location: Paris Client : Insurers Format: Team building\u2026<\/p>\n<\/div>\n\t\n<\/div><\/article><article class=\"post post-2947 type-post status-publish format-standard has-post-thumbnail hentry category-non-classe category-1\" data-name=\"Journ\u00e9e collaborateur Rallye 2CV et soir\u00e9e festive\" data-date=\"2024-10-01T18:10:38+02:00\">\n\n<div class=\"post-thumbnail-wrap\">\n\t<div class=\"post-thumbnail\">\n\t\t\n\t\t\n\t\t<a href=\"https:\/\/www.invictus-event.com\/site\/journee-collaborateur-rallye-2cv-et-soiree-festive\/\" class=\"post-thumbnail-rollover layzr-bg\" ><img decoding=\"async\" class=\"preload-me owl-lazy-load aspect\" src=\"data:image\/svg+xml,%3Csvg%20xmlns%3D&#39;http%3A%2F%2Fwww.w3.org%2F2000%2Fsvg&#39;%20viewBox%3D&#39;0%200%20768%20512&#39;%2F%3E\" data-src=\"https:\/\/www.invictus-event.com\/site\/wp-content\/uploads\/2024\/10\/11122024-1-768x512.jpg\" data-srcset=\"https:\/\/www.invictus-event.com\/site\/wp-content\/uploads\/2024\/10\/11122024-1-768x512.jpg 768w, https:\/\/www.invictus-event.com\/site\/wp-content\/uploads\/2024\/10\/11122024-1-960x640.jpg 960w\" loading=\"eager\" style=\"--ratio: 768 \/ 512\" sizes=\"(max-width: 768px) 100vw, 768px\" alt=\"\"  width=\"768\" height=\"512\"  \/><\/a>\t<\/div>\n<\/div>\n\n\n<div class=\"post-entry-content\">\n\n\t<h3 class=\"entry-title\">\n\t\t<a href=\"https:\/\/www.invictus-event.com\/site\/journee-collaborateur-rallye-2cv-et-soiree-festive\/\" title=\"Journ\u00e9e collaborateur Rallye 2CV et soir\u00e9e festive\" rel=\"bookmark\">Journ\u00e9e collaborateur Rallye 2CV et soir\u00e9e festive<\/a>\n\t<\/h3>\n\n\t\n\t<div class=\"entry-excerpt\"><p>[vc_row gap=\u00a0\u00bb15&Prime;][vc_column css_animation=\u00a0\u00bbright-to-left\u00a0\u00bb width=\u00a0\u00bb2\/3&Prime;][\/vc_column][vc_column css_animation=\u00a0\u00bbleft-to-right\u00a0\u00bb width=\u00a0\u00bb1\/3&Prime;][vc_column_text css=\u00a0\u00bb\u00a0\u00bb]Date : 12 au 14 juin 2024 Lieu : Paris Client : Assureurs Format\u00a0:\u2026<\/p>\n<\/div>\n\t\n<\/div><\/article><article class=\"post post-2943 type-post status-publish format-standard has-post-thumbnail hentry category-non-classe-en category-12\" data-name=\"Annual lawyers\u2019 conference at the Maison du Barreau in Paris\" data-date=\"2024-10-01T18:10:19+02:00\">\n\n<div class=\"post-thumbnail-wrap\">\n\t<div class=\"post-thumbnail\">\n\t\t\n\t\t\n\t\t<a href=\"https:\/\/www.invictus-event.com\/site\/en\/annual-lawyers-conference-at-the-maison-du-barreau-in-paris\/\" class=\"post-thumbnail-rollover layzr-bg\" ><img decoding=\"async\" class=\"preload-me owl-lazy-load aspect\" src=\"data:image\/svg+xml,%3Csvg%20xmlns%3D&#39;http%3A%2F%2Fwww.w3.org%2F2000%2Fsvg&#39;%20viewBox%3D&#39;0%200%20768%20512&#39;%2F%3E\" data-src=\"https:\/\/www.invictus-event.com\/site\/wp-content\/uploads\/2024\/10\/2.Congres-annuel-davocats-a-la-Maison-du-Barreau-a-Paris-1-768x512.jpg\" data-srcset=\"https:\/\/www.invictus-event.com\/site\/wp-content\/uploads\/2024\/10\/2.Congres-annuel-davocats-a-la-Maison-du-Barreau-a-Paris-1-768x512.jpg 768w, https:\/\/www.invictus-event.com\/site\/wp-content\/uploads\/2024\/10\/2.Congres-annuel-davocats-a-la-Maison-du-Barreau-a-Paris-1-960x640.jpg 960w\" loading=\"eager\" style=\"--ratio: 768 \/ 512\" sizes=\"(max-width: 768px) 100vw, 768px\" alt=\"\"  width=\"768\" height=\"512\"  \/><\/a>\t<\/div>\n<\/div>\n\n\n<div class=\"post-entry-content\">\n\n\t<h3 class=\"entry-title\">\n\t\t<a href=\"https:\/\/www.invictus-event.com\/site\/en\/annual-lawyers-conference-at-the-maison-du-barreau-in-paris\/\" title=\"Annual lawyers\u2019 conference at the Maison du Barreau in Paris\" rel=\"bookmark\">Annual lawyers\u2019 conference at the Maison du Barreau in Paris<\/a>\n\t<\/h3>\n\n\t\n\t<div class=\"entry-excerpt\"><p>[vc_row gap=\u00a0\u00bb15&Prime;][vc_column css_animation=\u00a0\u00bbright-to-left\u00a0\u00bb width=\u00a0\u00bb2\/3&Prime;][\/vc_column][vc_column css_animation=\u00a0\u00bbleft-to-right\u00a0\u00bb width=\u00a0\u00bb1\/3&Prime;][vc_column_text css=\u00a0\u00bb\u00a0\u00bb]Date: 29 March 2024 Location: Paris Client : Lawyers Format: Meeting &#8211; 230 guests[\/vc_column_text][vc_separator\u2026<\/p>\n<\/div>\n\t\n<\/div><\/article><article class=\"post post-2939 type-post status-publish format-standard has-post-thumbnail hentry category-non-classe category-1\" data-name=\"Congr\u00e8s annuel d\u2019avocats \u00e0 la Maison du Barreau \u00e0 Paris\" data-date=\"2024-10-01T18:09:45+02:00\">\n\n<div class=\"post-thumbnail-wrap\">\n\t<div class=\"post-thumbnail\">\n\t\t\n\t\t\n\t\t<a href=\"https:\/\/www.invictus-event.com\/site\/congres-annuel-davocats-a-la-maison-du-barreau-a-paris\/\" class=\"post-thumbnail-rollover layzr-bg\" ><img decoding=\"async\" class=\"preload-me owl-lazy-load aspect\" src=\"data:image\/svg+xml,%3Csvg%20xmlns%3D&#39;http%3A%2F%2Fwww.w3.org%2F2000%2Fsvg&#39;%20viewBox%3D&#39;0%200%20768%20512&#39;%2F%3E\" data-src=\"https:\/\/www.invictus-event.com\/site\/wp-content\/uploads\/2024\/10\/2.Congres-annuel-davocats-a-la-Maison-du-Barreau-a-Paris-768x512.jpg\" data-srcset=\"https:\/\/www.invictus-event.com\/site\/wp-content\/uploads\/2024\/10\/2.Congres-annuel-davocats-a-la-Maison-du-Barreau-a-Paris-768x512.jpg 768w, https:\/\/www.invictus-event.com\/site\/wp-content\/uploads\/2024\/10\/2.Congres-annuel-davocats-a-la-Maison-du-Barreau-a-Paris-960x640.jpg 960w\" loading=\"eager\" style=\"--ratio: 768 \/ 512\" sizes=\"(max-width: 768px) 100vw, 768px\" alt=\"\"  width=\"768\" height=\"512\"  \/><\/a>\t<\/div>\n<\/div>\n\n\n<div class=\"post-entry-content\">\n\n\t<h3 class=\"entry-title\">\n\t\t<a href=\"https:\/\/www.invictus-event.com\/site\/congres-annuel-davocats-a-la-maison-du-barreau-a-paris\/\" title=\"Congr\u00e8s annuel d\u2019avocats \u00e0 la Maison du Barreau \u00e0 Paris\" rel=\"bookmark\">Congr\u00e8s annuel d\u2019avocats \u00e0 la Maison du Barreau \u00e0 Paris<\/a>\n\t<\/h3>\n\n\t\n\t<div class=\"entry-excerpt\"><p>[vc_row gap=\u00a0\u00bb15&Prime;][vc_column css_animation=\u00a0\u00bbright-to-left\u00a0\u00bb width=\u00a0\u00bb2\/3&Prime;][\/vc_column][vc_column css_animation=\u00a0\u00bbleft-to-right\u00a0\u00bb width=\u00a0\u00bb1\/3&Prime;][vc_column_text css=\u00a0\u00bb\u00a0\u00bb]Date : 29 mars 2024 Lieu : Paris Client : Avocats Format : R\u00e9union\u2026<\/p>\n<\/div>\n\t\n<\/div><\/article><article class=\"post post-2945 type-post status-publish format-standard has-post-thumbnail hentry category-non-classe-en category-12\" data-name=\"Annual conference of lawyers and bailiffs in Biarritz\" data-date=\"2024-10-01T18:08:31+02:00\">\n\n<div class=\"post-thumbnail-wrap\">\n\t<div class=\"post-thumbnail\">\n\t\t\n\t\t\n\t\t<a href=\"https:\/\/www.invictus-event.com\/site\/en\/annual-conference-of-lawyers-and-bailiffs-in-biarritz\/\" class=\"post-thumbnail-rollover layzr-bg\" ><img decoding=\"async\" class=\"preload-me owl-lazy-load aspect\" src=\"data:image\/svg+xml,%3Csvg%20xmlns%3D&#39;http%3A%2F%2Fwww.w3.org%2F2000%2Fsvg&#39;%20viewBox%3D&#39;0%200%20768%20512&#39;%2F%3E\" data-src=\"https:\/\/www.invictus-event.com\/site\/wp-content\/uploads\/2024\/10\/4.Congres-2025-davocats-et-dhuissiers-a-Biarritz-en-768x512.jpg\" data-srcset=\"https:\/\/www.invictus-event.com\/site\/wp-content\/uploads\/2024\/10\/4.Congres-2025-davocats-et-dhuissiers-a-Biarritz-en-768x512.jpg 768w, https:\/\/www.invictus-event.com\/site\/wp-content\/uploads\/2024\/10\/4.Congres-2025-davocats-et-dhuissiers-a-Biarritz-en-960x640.jpg 960w\" loading=\"eager\" style=\"--ratio: 768 \/ 512\" sizes=\"(max-width: 768px) 100vw, 768px\" alt=\"\"  width=\"768\" height=\"512\"  \/><\/a>\t<\/div>\n<\/div>\n\n\n<div class=\"post-entry-content\">\n\n\t<h3 class=\"entry-title\">\n\t\t<a href=\"https:\/\/www.invictus-event.com\/site\/en\/annual-conference-of-lawyers-and-bailiffs-in-biarritz\/\" title=\"Annual conference of lawyers and bailiffs in Biarritz\" rel=\"bookmark\">Annual conference of lawyers and bailiffs in Biarritz<\/a>\n\t<\/h3>\n\n\t\n\t<div class=\"entry-excerpt\"><p>[vc_row gap=\u00a0\u00bb15&Prime;][vc_column css_animation=\u00a0\u00bbright-to-left\u00a0\u00bb width=\u00a0\u00bb2\/3&Prime;][\/vc_column][vc_column css_animation=\u00a0\u00bbleft-to-right\u00a0\u00bb width=\u00a0\u00bb1\/3&Prime;][vc_column_text css=\u00a0\u00bb\u00a0\u00bb]Date: 1 to 3 February 2024 Venue: Biarritz Client: Lawyers Format: Meeting, workshop day,\u2026<\/p>\n<\/div>\n\t\n<\/div><\/article><article class=\"post post-2935 type-post status-publish format-standard has-post-thumbnail hentry category-non-classe category-1\" data-name=\"Congr\u00e8s annuel d\u2019avocats et d\u2019huissiers \u00e0 Biarritz\" data-date=\"2024-10-01T18:08:22+02:00\">\n\n<div class=\"post-thumbnail-wrap\">\n\t<div class=\"post-thumbnail\">\n\t\t\n\t\t\n\t\t<a href=\"https:\/\/www.invictus-event.com\/site\/congres-annuel-davocats-et-dhuissiers-a-biarritz\/\" class=\"post-thumbnail-rollover layzr-bg\" ><img decoding=\"async\" class=\"preload-me owl-lazy-load aspect\" src=\"data:image\/svg+xml,%3Csvg%20xmlns%3D&#39;http%3A%2F%2Fwww.w3.org%2F2000%2Fsvg&#39;%20viewBox%3D&#39;0%200%20768%20512&#39;%2F%3E\" data-src=\"https:\/\/www.invictus-event.com\/site\/wp-content\/uploads\/2024\/10\/4.Congres-2025-davocats-et-dhuissiers-a-Biarritz-2-768x512.jpg\" data-srcset=\"https:\/\/www.invictus-event.com\/site\/wp-content\/uploads\/2024\/10\/4.Congres-2025-davocats-et-dhuissiers-a-Biarritz-2-768x512.jpg 768w, https:\/\/www.invictus-event.com\/site\/wp-content\/uploads\/2024\/10\/4.Congres-2025-davocats-et-dhuissiers-a-Biarritz-2-960x640.jpg 960w\" loading=\"eager\" style=\"--ratio: 768 \/ 512\" sizes=\"(max-width: 768px) 100vw, 768px\" alt=\"\"  width=\"768\" height=\"512\"  \/><\/a>\t<\/div>\n<\/div>\n\n\n<div class=\"post-entry-content\">\n\n\t<h3 class=\"entry-title\">\n\t\t<a href=\"https:\/\/www.invictus-event.com\/site\/congres-annuel-davocats-et-dhuissiers-a-biarritz\/\" title=\"Congr\u00e8s annuel d\u2019avocats et d\u2019huissiers \u00e0 Biarritz\" rel=\"bookmark\">Congr\u00e8s annuel d\u2019avocats et d\u2019huissiers \u00e0 Biarritz<\/a>\n\t<\/h3>\n\n\t\n\t<div class=\"entry-excerpt\"><p>[vc_row gap=\u00a0\u00bb15&Prime;][vc_column css_animation=\u00a0\u00bbright-to-left\u00a0\u00bb width=\u00a0\u00bb2\/3&Prime;][\/vc_column][vc_column css_animation=\u00a0\u00bbleft-to-right\u00a0\u00bb width=\u00a0\u00bb1\/3&Prime;][vc_column_text css=\u00a0\u00bb\u00a0\u00bb]Date : 1er au 3 f\u00e9vrier 2024 Lieu : Biarritz Client : Avocats Format\u2026<\/p>\n<\/div>\n\t\n<\/div><\/article><article class=\"post post-2394 type-post status-publish format-standard has-post-thumbnail hentry category-non-classe-en category-12\" data-name=\"Meeting at the Pavillon Gabriel and Private dinner at Samaritaine\" data-date=\"2023-12-11T13:58:59+01:00\">\n\n<div class=\"post-thumbnail-wrap\">\n\t<div class=\"post-thumbnail\">\n\t\t\n\t\t\n\t\t<a href=\"https:\/\/www.invictus-event.com\/site\/en\/meeting-at-the-pavillon-gabriel\/\" class=\"post-thumbnail-rollover layzr-bg\" ><img decoding=\"async\" class=\"preload-me owl-lazy-load aspect\" src=\"data:image\/svg+xml,%3Csvg%20xmlns%3D&#39;http%3A%2F%2Fwww.w3.org%2F2000%2Fsvg&#39;%20viewBox%3D&#39;0%200%20768%20512&#39;%2F%3E\" data-src=\"https:\/\/www.invictus-event.com\/site\/wp-content\/uploads\/2023\/12\/Working-day-at-the-Grabriel-Pavilion-768x512.webp\" data-srcset=\"https:\/\/www.invictus-event.com\/site\/wp-content\/uploads\/2023\/12\/Working-day-at-the-Grabriel-Pavilion-768x512.webp 768w, https:\/\/www.invictus-event.com\/site\/wp-content\/uploads\/2023\/12\/Working-day-at-the-Grabriel-Pavilion-960x640.webp 960w\" loading=\"eager\" style=\"--ratio: 768 \/ 512\" sizes=\"(max-width: 768px) 100vw, 768px\" alt=\"\"  width=\"768\" height=\"512\"  \/><\/a>\t<\/div>\n<\/div>\n\n\n<div class=\"post-entry-content\">\n\n\t<h3 class=\"entry-title\">\n\t\t<a href=\"https:\/\/www.invictus-event.com\/site\/en\/meeting-at-the-pavillon-gabriel\/\" title=\"Meeting at the Pavillon Gabriel and Private dinner at Samaritaine\" rel=\"bookmark\">Meeting at the Pavillon Gabriel and Private dinner at Samaritaine<\/a>\n\t<\/h3>\n\n\t\n\t<div class=\"entry-excerpt\"><p>[vc_row gap=\u00a0\u00bb15&Prime;][vc_column css_animation=\u00a0\u00bbright-to-left\u00a0\u00bb width=\u00a0\u00bb2\/3&Prime;][\/vc_column][vc_column css_animation=\u00a0\u00bbleft-to-right\u00a0\u00bb width=\u00a0\u00bb1\/3&Prime;][vc_column_text]Date : 28th and 29th of November 2023 Location : Paris Client : Capital investissement\u2026<\/p>\n<\/div>\n\t\n<\/div><\/article><article class=\"post post-2391 type-post status-publish format-standard has-post-thumbnail hentry category-non-classe-en category-12\" data-name=\"Meeting at the Marriott Champs-\u00c9lys\u00e9es\" data-date=\"2023-12-11T13:56:57+01:00\">\n\n<div class=\"post-thumbnail-wrap\">\n\t<div class=\"post-thumbnail\">\n\t\t\n\t\t\n\t\t<a href=\"https:\/\/www.invictus-event.com\/site\/en\/meeting-at-the-marriott-champs-elysees\/\" class=\"post-thumbnail-rollover layzr-bg\" ><img decoding=\"async\" class=\"preload-me owl-lazy-load aspect\" src=\"data:image\/svg+xml,%3Csvg%20xmlns%3D&#39;http%3A%2F%2Fwww.w3.org%2F2000%2Fsvg&#39;%20viewBox%3D&#39;0%200%20768%20512&#39;%2F%3E\" data-src=\"https:\/\/www.invictus-event.com\/site\/wp-content\/uploads\/2023\/12\/Mariott-1-768x512.webp\" data-srcset=\"https:\/\/www.invictus-event.com\/site\/wp-content\/uploads\/2023\/12\/Mariott-1-768x512.webp 768w, https:\/\/www.invictus-event.com\/site\/wp-content\/uploads\/2023\/12\/Mariott-1-1152x768.webp 1152w\" loading=\"eager\" style=\"--ratio: 768 \/ 512\" sizes=\"(max-width: 768px) 100vw, 768px\" alt=\"\"  width=\"768\" height=\"512\"  \/><\/a>\t<\/div>\n<\/div>\n\n\n<div class=\"post-entry-content\">\n\n\t<h3 class=\"entry-title\">\n\t\t<a href=\"https:\/\/www.invictus-event.com\/site\/en\/meeting-at-the-marriott-champs-elysees\/\" title=\"Meeting at the Marriott Champs-\u00c9lys\u00e9es\" rel=\"bookmark\">Meeting at the Marriott Champs-\u00c9lys\u00e9es<\/a>\n\t<\/h3>\n\n\t\n\t<div class=\"entry-excerpt\"><p>[vc_row gap=\u00a0\u00bb15&Prime;][vc_column css_animation=\u00a0\u00bbright-to-left\u00a0\u00bb width=\u00a0\u00bb2\/3&Prime;][\/vc_column][vc_column css_animation=\u00a0\u00bbleft-to-right\u00a0\u00bb width=\u00a0\u00bb1\/3&Prime;][vc_column_text]Date : 12th of October 2023 Location : Paris Client : Territory development Package :\u2026<\/p>\n<\/div>\n\t\n<\/div><\/article><article class=\"post post-2384 type-post status-publish format-standard has-post-thumbnail hentry category-non-classe-en category-12\" data-name=\"Congress in Baden-Baden\" data-date=\"2023-12-11T13:51:20+01:00\">\n\n<div class=\"post-thumbnail-wrap\">\n\t<div class=\"post-thumbnail\">\n\t\t\n\t\t\n\t\t<a href=\"https:\/\/www.invictus-event.com\/site\/en\/congress-in-baden-baden\/\" class=\"post-thumbnail-rollover layzr-bg\" ><img decoding=\"async\" class=\"preload-me owl-lazy-load aspect\" src=\"data:image\/svg+xml,%3Csvg%20xmlns%3D&#39;http%3A%2F%2Fwww.w3.org%2F2000%2Fsvg&#39;%20viewBox%3D&#39;0%200%20768%20512&#39;%2F%3E\" data-src=\"https:\/\/www.invictus-event.com\/site\/wp-content\/uploads\/2023\/12\/Congress-in-Baden-Bade-768x512.webp\" data-srcset=\"https:\/\/www.invictus-event.com\/site\/wp-content\/uploads\/2023\/12\/Congress-in-Baden-Bade-768x512.webp 768w, https:\/\/www.invictus-event.com\/site\/wp-content\/uploads\/2023\/12\/Congress-in-Baden-Bade-960x640.webp 960w\" loading=\"eager\" style=\"--ratio: 768 \/ 512\" sizes=\"(max-width: 768px) 100vw, 768px\" alt=\"\"  width=\"768\" height=\"512\"  \/><\/a>\t<\/div>\n<\/div>\n\n\n<div class=\"post-entry-content\">\n\n\t<h3 class=\"entry-title\">\n\t\t<a href=\"https:\/\/www.invictus-event.com\/site\/en\/congress-in-baden-baden\/\" title=\"Congress in Baden-Baden\" rel=\"bookmark\">Congress in Baden-Baden<\/a>\n\t<\/h3>\n\n\t\n\t<div class=\"entry-excerpt\"><p>[vc_row gap=\u00a0\u00bb15&Prime;][vc_column css_animation=\u00a0\u00bbright-to-left\u00a0\u00bb width=\u00a0\u00bb2\/3&Prime;][\/vc_column][vc_column css_animation=\u00a0\u00bbleft-to-right\u00a0\u00bb width=\u00a0\u00bb1\/3&Prime;][vc_column_text css=\u00a0\u00bb\u00a0\u00bb]Date : 12th to 14th of October 2023 Location : Baden-Baden Client : Insurance\u2026<\/p>\n<\/div>\n\t\n<\/div><\/article><article class=\"post post-2372 type-post status-publish format-standard has-post-thumbnail hentry category-non-classe category-1\" data-name=\"Assembl\u00e9e G\u00e9n\u00e9rale au Pavillon Gabriel et soir\u00e9e au 5e \u00e9tage de la Samaritaine\" data-date=\"2023-12-11T13:40:48+01:00\">\n\n<div class=\"post-thumbnail-wrap\">\n\t<div class=\"post-thumbnail\">\n\t\t\n\t\t\n\t\t<a href=\"https:\/\/www.invictus-event.com\/site\/assemblee-generale-au-pavillon-gabriel\/\" class=\"post-thumbnail-rollover layzr-bg\" ><img decoding=\"async\" class=\"preload-me owl-lazy-load aspect\" src=\"data:image\/svg+xml,%3Csvg%20xmlns%3D&#39;http%3A%2F%2Fwww.w3.org%2F2000%2Fsvg&#39;%20viewBox%3D&#39;0%200%20768%20512&#39;%2F%3E\" data-src=\"https:\/\/www.invictus-event.com\/site\/wp-content\/uploads\/2023\/12\/JourneeTravailPavillon-Grabriel-768x512.webp\" data-srcset=\"https:\/\/www.invictus-event.com\/site\/wp-content\/uploads\/2023\/12\/JourneeTravailPavillon-Grabriel-768x512.webp 768w, https:\/\/www.invictus-event.com\/site\/wp-content\/uploads\/2023\/12\/JourneeTravailPavillon-Grabriel-960x640.webp 960w\" loading=\"eager\" style=\"--ratio: 768 \/ 512\" sizes=\"(max-width: 768px) 100vw, 768px\" alt=\"\"  width=\"768\" height=\"512\"  \/><\/a>\t<\/div>\n<\/div>\n\n\n<div class=\"post-entry-content\">\n\n\t<h3 class=\"entry-title\">\n\t\t<a href=\"https:\/\/www.invictus-event.com\/site\/assemblee-generale-au-pavillon-gabriel\/\" title=\"Assembl\u00e9e G\u00e9n\u00e9rale au Pavillon Gabriel et soir\u00e9e au 5e \u00e9tage de la Samaritaine\" rel=\"bookmark\">Assembl\u00e9e G\u00e9n\u00e9rale au Pavillon Gabriel et soir\u00e9e au 5e \u00e9tage de la Samaritaine<\/a>\n\t<\/h3>\n\n\t\n\t<div class=\"entry-excerpt\"><p>[vc_row gap=\u00a0\u00bb15&Prime;][vc_column css_animation=\u00a0\u00bbright-to-left\u00a0\u00bb width=\u00a0\u00bb2\/3&Prime;][\/vc_column][vc_column css_animation=\u00a0\u00bbleft-to-right\u00a0\u00bb width=\u00a0\u00bb1\/3&Prime;][vc_column_text]Date : 28 et 29 novembre 2023 Lieu : Paris Client : Capital investissement Format\u2026<\/p>\n<\/div>\n\t\n<\/div><\/article><article class=\"post post-2369 type-post status-publish format-standard has-post-thumbnail hentry category-non-classe category-1\" data-name=\"Journ\u00e9e de travail au Marriott Champs-\u00c9lys\u00e9es\" data-date=\"2023-12-11T13:37:05+01:00\">\n\n<div class=\"post-thumbnail-wrap\">\n\t<div class=\"post-thumbnail\">\n\t\t\n\t\t\n\t\t<a href=\"https:\/\/www.invictus-event.com\/site\/journee-de-travail-au-marriott-champs-elysees\/\" class=\"post-thumbnail-rollover layzr-bg\" ><img decoding=\"async\" class=\"preload-me owl-lazy-load aspect\" src=\"data:image\/svg+xml,%3Csvg%20xmlns%3D&#39;http%3A%2F%2Fwww.w3.org%2F2000%2Fsvg&#39;%20viewBox%3D&#39;0%200%20768%20512&#39;%2F%3E\" data-src=\"https:\/\/www.invictus-event.com\/site\/wp-content\/uploads\/2023\/12\/Mariott-768x512.webp\" data-srcset=\"https:\/\/www.invictus-event.com\/site\/wp-content\/uploads\/2023\/12\/Mariott-768x512.webp 768w, https:\/\/www.invictus-event.com\/site\/wp-content\/uploads\/2023\/12\/Mariott-1152x768.webp 1152w\" loading=\"eager\" style=\"--ratio: 768 \/ 512\" sizes=\"(max-width: 768px) 100vw, 768px\" alt=\"\"  width=\"768\" height=\"512\"  \/><\/a>\t<\/div>\n<\/div>\n\n\n<div class=\"post-entry-content\">\n\n\t<h3 class=\"entry-title\">\n\t\t<a href=\"https:\/\/www.invictus-event.com\/site\/journee-de-travail-au-marriott-champs-elysees\/\" title=\"Journ\u00e9e de travail au Marriott Champs-\u00c9lys\u00e9es\" rel=\"bookmark\">Journ\u00e9e de travail au Marriott Champs-\u00c9lys\u00e9es<\/a>\n\t<\/h3>\n\n\t\n\t<div class=\"entry-excerpt\"><p>[vc_row gap=\u00a0\u00bb15&Prime;][vc_column css_animation=\u00a0\u00bbright-to-left\u00a0\u00bb width=\u00a0\u00bb2\/3&Prime;][\/vc_column][vc_column css_animation=\u00a0\u00bbleft-to-right\u00a0\u00bb width=\u00a0\u00bb1\/3&Prime;][vc_column_text]Date : 12 octobre 2023 Lieu : Paris Client : Am\u00e9nagement du territoire Format :\u2026<\/p>\n<\/div>\n\t\n<\/div><\/article><article class=\"post post-2366 type-post status-publish format-standard has-post-thumbnail hentry category-non-classe category-1\" data-name=\"Congr\u00e8s \u00e0 Baden-Baden\" data-date=\"2023-12-11T13:34:56+01:00\">\n\n<div class=\"post-thumbnail-wrap\">\n\t<div class=\"post-thumbnail\">\n\t\t\n\t\t\n\t\t<a href=\"https:\/\/www.invictus-event.com\/site\/congres-a-baden-baden\/\" class=\"post-thumbnail-rollover layzr-bg\" ><img decoding=\"async\" class=\"preload-me owl-lazy-load aspect\" src=\"data:image\/svg+xml,%3Csvg%20xmlns%3D&#39;http%3A%2F%2Fwww.w3.org%2F2000%2Fsvg&#39;%20viewBox%3D&#39;0%200%20768%20512&#39;%2F%3E\" data-src=\"https:\/\/www.invictus-event.com\/site\/wp-content\/uploads\/2023\/12\/CgonresBadenBaden-768x512.webp\" data-srcset=\"https:\/\/www.invictus-event.com\/site\/wp-content\/uploads\/2023\/12\/CgonresBadenBaden-768x512.webp 768w, https:\/\/www.invictus-event.com\/site\/wp-content\/uploads\/2023\/12\/CgonresBadenBaden-960x640.webp 960w\" loading=\"eager\" style=\"--ratio: 768 \/ 512\" sizes=\"(max-width: 768px) 100vw, 768px\" alt=\"\"  width=\"768\" height=\"512\"  \/><\/a>\t<\/div>\n<\/div>\n\n\n<div class=\"post-entry-content\">\n\n\t<h3 class=\"entry-title\">\n\t\t<a href=\"https:\/\/www.invictus-event.com\/site\/congres-a-baden-baden\/\" title=\"Congr\u00e8s \u00e0 Baden-Baden\" rel=\"bookmark\">Congr\u00e8s \u00e0 Baden-Baden<\/a>\n\t<\/h3>\n\n\t\n\t<div class=\"entry-excerpt\"><p>[vc_row gap=\u00a0\u00bb15&Prime;][vc_column css_animation=\u00a0\u00bbright-to-left\u00a0\u00bb width=\u00a0\u00bb2\/3&Prime;][\/vc_column][vc_column css_animation=\u00a0\u00bbleft-to-right\u00a0\u00bb width=\u00a0\u00bb1\/3&Prime;][vc_column_text]Date : 12 au 14 octobre 2023 Lieu : Baden-Baden Client : Experts en assurance\u2026<\/p>\n<\/div>\n\t\n<\/div><\/article><article class=\"post post-2344 type-post status-publish format-standard has-post-thumbnail hentry category-non-classe-en category-12\" data-name=\"Seminar in la Baule\" data-date=\"2023-10-06T11:48:19+02:00\">\n\n<div class=\"post-thumbnail-wrap\">\n\t<div class=\"post-thumbnail\">\n\t\t\n\t\t\n\t\t<a href=\"https:\/\/www.invictus-event.com\/site\/en\/seminar-in-la-baule\/\" class=\"post-thumbnail-rollover layzr-bg\" ><img decoding=\"async\" class=\"preload-me owl-lazy-load aspect\" src=\"data:image\/svg+xml,%3Csvg%20xmlns%3D&#39;http%3A%2F%2Fwww.w3.org%2F2000%2Fsvg&#39;%20viewBox%3D&#39;0%200%20768%20512&#39;%2F%3E\" data-src=\"https:\/\/www.invictus-event.com\/site\/wp-content\/uploads\/2023\/10\/Calque-1-1-768x512.webp\" data-srcset=\"https:\/\/www.invictus-event.com\/site\/wp-content\/uploads\/2023\/10\/Calque-1-1-768x512.webp 768w, https:\/\/www.invictus-event.com\/site\/wp-content\/uploads\/2023\/10\/Calque-1-1-960x640.webp 960w\" loading=\"eager\" style=\"--ratio: 768 \/ 512\" sizes=\"(max-width: 768px) 100vw, 768px\" alt=\"\"  width=\"768\" height=\"512\"  \/><\/a>\t<\/div>\n<\/div>\n\n\n<div class=\"post-entry-content\">\n\n\t<h3 class=\"entry-title\">\n\t\t<a href=\"https:\/\/www.invictus-event.com\/site\/en\/seminar-in-la-baule\/\" title=\"Seminar in la Baule\" rel=\"bookmark\">Seminar in la Baule<\/a>\n\t<\/h3>\n\n\t\n\t<div class=\"entry-excerpt\"><p>[vc_row gap=\u00a0\u00bb15&Prime;][vc_column css_animation=\u00a0\u00bbright-to-left\u00a0\u00bb width=\u00a0\u00bb2\/3&Prime;][\/vc_column][vc_column css_animation=\u00a0\u00bbleft-to-right\u00a0\u00bb width=\u00a0\u00bb1\/3&Prime;][vc_column_text]Date : 28th to 29th of September 2023 Location : la Baule Client : Territory\u2026<\/p>\n<\/div>\n\t\n<\/div><\/article><article class=\"post post-2338 type-post status-publish format-standard has-post-thumbnail hentry category-non-classe category-1\" data-name=\"S\u00e9minaire \u00e0 la Baule\" data-date=\"2023-10-06T11:42:17+02:00\">\n\n<div class=\"post-thumbnail-wrap\">\n\t<div class=\"post-thumbnail\">\n\t\t\n\t\t\n\t\t<a href=\"https:\/\/www.invictus-event.com\/site\/seminaire-a-la-baule\/\" class=\"post-thumbnail-rollover layzr-bg\" ><img decoding=\"async\" class=\"preload-me owl-lazy-load aspect\" src=\"data:image\/svg+xml,%3Csvg%20xmlns%3D&#39;http%3A%2F%2Fwww.w3.org%2F2000%2Fsvg&#39;%20viewBox%3D&#39;0%200%20768%20512&#39;%2F%3E\" data-src=\"https:\/\/www.invictus-event.com\/site\/wp-content\/uploads\/2023\/10\/Calque-1-768x512.webp\" data-srcset=\"https:\/\/www.invictus-event.com\/site\/wp-content\/uploads\/2023\/10\/Calque-1-768x512.webp 768w, https:\/\/www.invictus-event.com\/site\/wp-content\/uploads\/2023\/10\/Calque-1-960x640.webp 960w\" loading=\"eager\" style=\"--ratio: 768 \/ 512\" sizes=\"(max-width: 768px) 100vw, 768px\" alt=\"\"  width=\"768\" height=\"512\"  \/><\/a>\t<\/div>\n<\/div>\n\n\n<div class=\"post-entry-content\">\n\n\t<h3 class=\"entry-title\">\n\t\t<a href=\"https:\/\/www.invictus-event.com\/site\/seminaire-a-la-baule\/\" title=\"S\u00e9minaire \u00e0 la Baule\" rel=\"bookmark\">S\u00e9minaire \u00e0 la Baule<\/a>\n\t<\/h3>\n\n\t\n\t<div class=\"entry-excerpt\"><p>[vc_row gap=\u00a0\u00bb15&Prime;][vc_column css_animation=\u00a0\u00bbright-to-left\u00a0\u00bb width=\u00a0\u00bb2\/3&Prime;][\/vc_column][vc_column css_animation=\u00a0\u00bbleft-to-right\u00a0\u00bb width=\u00a0\u00bb1\/3&Prime;][vc_column_text]Date : 28 et 29 septembre 2023 Lieu : La Baule Client : Am\u00e9nagement du\u2026<\/p>\n<\/div>\n\t\n<\/div><\/article><article class=\"post post-2334 type-post status-publish format-standard has-post-thumbnail hentry category-non-classe-en category-12\" data-name=\"Congress in Brussels\" data-date=\"2023-10-06T11:38:42+02:00\">\n\n<div class=\"post-thumbnail-wrap\">\n\t<div class=\"post-thumbnail\">\n\t\t\n\t\t\n\t\t<a href=\"https:\/\/www.invictus-event.com\/site\/en\/congress-in-brussels-2023\/\" class=\"post-thumbnail-rollover layzr-bg\" ><img decoding=\"async\" class=\"preload-me owl-lazy-load aspect\" src=\"data:image\/svg+xml,%3Csvg%20xmlns%3D&#39;http%3A%2F%2Fwww.w3.org%2F2000%2Fsvg&#39;%20viewBox%3D&#39;0%200%20768%20512&#39;%2F%3E\" data-src=\"https:\/\/www.invictus-event.com\/site\/wp-content\/uploads\/2023\/10\/Calque-2-1-768x512.webp\" data-srcset=\"https:\/\/www.invictus-event.com\/site\/wp-content\/uploads\/2023\/10\/Calque-2-1-768x512.webp 768w, https:\/\/www.invictus-event.com\/site\/wp-content\/uploads\/2023\/10\/Calque-2-1-960x640.webp 960w\" loading=\"eager\" style=\"--ratio: 768 \/ 512\" sizes=\"(max-width: 768px) 100vw, 768px\" alt=\"\"  width=\"768\" height=\"512\"  \/><\/a>\t<\/div>\n<\/div>\n\n\n<div class=\"post-entry-content\">\n\n\t<h3 class=\"entry-title\">\n\t\t<a href=\"https:\/\/www.invictus-event.com\/site\/en\/congress-in-brussels-2023\/\" title=\"Congress in Brussels\" rel=\"bookmark\">Congress in Brussels<\/a>\n\t<\/h3>\n\n\t\n\t<div class=\"entry-excerpt\"><p>[vc_row gap=\u00a0\u00bb15&Prime;][vc_column css_animation=\u00a0\u00bbright-to-left\u00a0\u00bb width=\u00a0\u00bb2\/3&Prime;][\/vc_column][vc_column css_animation=\u00a0\u00bbleft-to-right\u00a0\u00bb width=\u00a0\u00bb1\/3&Prime;][vc_column_text]Date : 7th to 9th of September 2023 Location : Brussels Client : Lawyers Package\u2026<\/p>\n<\/div>\n\t\n<\/div><\/article><article class=\"post post-2328 type-post status-publish format-standard has-post-thumbnail hentry category-non-classe category-1\" data-name=\"Congr\u00e8s \u00e0 Bruxelles\" data-date=\"2023-10-06T11:28:23+02:00\">\n\n<div class=\"post-thumbnail-wrap\">\n\t<div class=\"post-thumbnail\">\n\t\t\n\t\t\n\t\t<a href=\"https:\/\/www.invictus-event.com\/site\/congres-a-bruxelles\/\" class=\"post-thumbnail-rollover layzr-bg\" ><img decoding=\"async\" class=\"preload-me owl-lazy-load aspect\" src=\"data:image\/svg+xml,%3Csvg%20xmlns%3D&#39;http%3A%2F%2Fwww.w3.org%2F2000%2Fsvg&#39;%20viewBox%3D&#39;0%200%20768%20512&#39;%2F%3E\" data-src=\"https:\/\/www.invictus-event.com\/site\/wp-content\/uploads\/2023\/10\/Calque-2-768x512.webp\" data-srcset=\"https:\/\/www.invictus-event.com\/site\/wp-content\/uploads\/2023\/10\/Calque-2-768x512.webp 768w, https:\/\/www.invictus-event.com\/site\/wp-content\/uploads\/2023\/10\/Calque-2-960x640.webp 960w\" loading=\"eager\" style=\"--ratio: 768 \/ 512\" sizes=\"(max-width: 768px) 100vw, 768px\" alt=\"\"  width=\"768\" height=\"512\"  \/><\/a>\t<\/div>\n<\/div>\n\n\n<div class=\"post-entry-content\">\n\n\t<h3 class=\"entry-title\">\n\t\t<a href=\"https:\/\/www.invictus-event.com\/site\/congres-a-bruxelles\/\" title=\"Congr\u00e8s \u00e0 Bruxelles\" rel=\"bookmark\">Congr\u00e8s \u00e0 Bruxelles<\/a>\n\t<\/h3>\n\n\t\n\t<div class=\"entry-excerpt\"><p>[vc_row gap=\u00a0\u00bb15&Prime;][vc_column css_animation=\u00a0\u00bbright-to-left\u00a0\u00bb width=\u00a0\u00bb2\/3&Prime;][\/vc_column][vc_column css_animation=\u00a0\u00bbleft-to-right\u00a0\u00bb width=\u00a0\u00bb1\/3&Prime;][vc_column_text]Date : 7 au 9 septembre 2023 Lieu : Bruxelles Client : Avocats Format :\u2026<\/p>\n<\/div>\n\t\n<\/div><\/article><article class=\"post post-2256 type-post status-publish format-standard has-post-thumbnail hentry category-non-classe-en category-12\" data-name=\"Annual congress 2023, in Budapest\" data-date=\"2023-07-19T12:53:46+02:00\">\n\n<div class=\"post-thumbnail-wrap\">\n\t<div class=\"post-thumbnail\">\n\t\t\n\t\t\n\t\t<a href=\"https:\/\/www.invictus-event.com\/site\/en\/annual-congress-2023-in-budapest\/\" class=\"post-thumbnail-rollover layzr-bg\" ><img decoding=\"async\" class=\"preload-me owl-lazy-load aspect\" src=\"data:image\/svg+xml,%3Csvg%20xmlns%3D&#39;http%3A%2F%2Fwww.w3.org%2F2000%2Fsvg&#39;%20viewBox%3D&#39;0%200%20768%20512&#39;%2F%3E\" data-src=\"https:\/\/www.invictus-event.com\/site\/wp-content\/uploads\/2023\/07\/budapest1-768x512.jpg\" data-srcset=\"https:\/\/www.invictus-event.com\/site\/wp-content\/uploads\/2023\/07\/budapest1-768x512.jpg 768w, https:\/\/www.invictus-event.com\/site\/wp-content\/uploads\/2023\/07\/budapest1-960x640.jpg 960w\" loading=\"eager\" style=\"--ratio: 768 \/ 512\" sizes=\"(max-width: 768px) 100vw, 768px\" alt=\"\"  width=\"768\" height=\"512\"  \/><\/a>\t<\/div>\n<\/div>\n\n\n<div class=\"post-entry-content\">\n\n\t<h3 class=\"entry-title\">\n\t\t<a href=\"https:\/\/www.invictus-event.com\/site\/en\/annual-congress-2023-in-budapest\/\" title=\"Annual congress 2023, in Budapest\" rel=\"bookmark\">Annual congress 2023, in Budapest<\/a>\n\t<\/h3>\n\n\t\n\t<div class=\"entry-excerpt\"><p>[vc_row gap=\u00a0\u00bb15&Prime;][vc_column css_animation=\u00a0\u00bbright-to-left\u00a0\u00bb width=\u00a0\u00bb2\/3&Prime;][\/vc_column][vc_column css_animation=\u00a0\u00bbleft-to-right\u00a0\u00bb width=\u00a0\u00bb1\/3&Prime;][vc_column_text]Date : 13 to 15 June 2023 Location : Budapest, Hungary Client : Association in\u2026<\/p>\n<\/div>\n\t\n<\/div><\/article><article class=\"post post-2253 type-post status-publish format-standard has-post-thumbnail hentry category-non-classe category-1\" data-name=\"Conf\u00e9rence annuelle 2023, \u00e0 Budapest\" data-date=\"2023-07-19T12:48:44+02:00\">\n\n<div class=\"post-thumbnail-wrap\">\n\t<div class=\"post-thumbnail\">\n\t\t\n\t\t\n\t\t<a href=\"https:\/\/www.invictus-event.com\/site\/conference-annuelle-2023-a-budapest\/\" class=\"post-thumbnail-rollover layzr-bg\" ><img decoding=\"async\" class=\"preload-me owl-lazy-load aspect\" src=\"data:image\/svg+xml,%3Csvg%20xmlns%3D&#39;http%3A%2F%2Fwww.w3.org%2F2000%2Fsvg&#39;%20viewBox%3D&#39;0%200%20768%20512&#39;%2F%3E\" data-src=\"https:\/\/www.invictus-event.com\/site\/wp-content\/uploads\/2023\/07\/budapest1-768x512.jpg\" data-srcset=\"https:\/\/www.invictus-event.com\/site\/wp-content\/uploads\/2023\/07\/budapest1-768x512.jpg 768w, https:\/\/www.invictus-event.com\/site\/wp-content\/uploads\/2023\/07\/budapest1-960x640.jpg 960w\" loading=\"eager\" style=\"--ratio: 768 \/ 512\" sizes=\"(max-width: 768px) 100vw, 768px\" alt=\"\"  width=\"768\" height=\"512\"  \/><\/a>\t<\/div>\n<\/div>\n\n\n<div class=\"post-entry-content\">\n\n\t<h3 class=\"entry-title\">\n\t\t<a href=\"https:\/\/www.invictus-event.com\/site\/conference-annuelle-2023-a-budapest\/\" title=\"Conf\u00e9rence annuelle 2023, \u00e0 Budapest\" rel=\"bookmark\">Conf\u00e9rence annuelle 2023, \u00e0 Budapest<\/a>\n\t<\/h3>\n\n\t\n\t<div class=\"entry-excerpt\"><p>[vc_row gap=\u00a0\u00bb15&Prime;][vc_column css_animation=\u00a0\u00bbright-to-left\u00a0\u00bb width=\u00a0\u00bb2\/3&Prime;][\/vc_column][vc_column css_animation=\u00a0\u00bbleft-to-right\u00a0\u00bb width=\u00a0\u00bb1\/3&Prime;][vc_column_text]Date : Du 13 au 15 juin 2023 Lieu : Budapest, Hongrie Client : Association\u2026<\/p>\n<\/div>\n\t\n<\/div><\/article><article class=\"post post-2243 type-post status-publish format-standard has-post-thumbnail hentry category-non-classe-en category-12\" data-name=\"Company birthday party at Mus\u00e9e Rodin\" data-date=\"2023-07-19T12:40:24+02:00\">\n\n<div class=\"post-thumbnail-wrap\">\n\t<div class=\"post-thumbnail\">\n\t\t\n\t\t\n\t\t<a href=\"https:\/\/www.invictus-event.com\/site\/en\/company-birthday-party-at-musee-rodin\/\" class=\"post-thumbnail-rollover layzr-bg\" ><img decoding=\"async\" class=\"preload-me owl-lazy-load aspect\" src=\"data:image\/svg+xml,%3Csvg%20xmlns%3D&#39;http%3A%2F%2Fwww.w3.org%2F2000%2Fsvg&#39;%20viewBox%3D&#39;0%200%20768%20512&#39;%2F%3E\" data-src=\"https:\/\/www.invictus-event.com\/site\/wp-content\/uploads\/2023\/07\/musee1-768x512.jpg\" data-srcset=\"https:\/\/www.invictus-event.com\/site\/wp-content\/uploads\/2023\/07\/musee1-768x512.jpg 768w, https:\/\/www.invictus-event.com\/site\/wp-content\/uploads\/2023\/07\/musee1-960x640.jpg 960w\" loading=\"eager\" style=\"--ratio: 768 \/ 512\" sizes=\"(max-width: 768px) 100vw, 768px\" alt=\"\"  width=\"768\" height=\"512\"  \/><\/a>\t<\/div>\n<\/div>\n\n\n<div class=\"post-entry-content\">\n\n\t<h3 class=\"entry-title\">\n\t\t<a href=\"https:\/\/www.invictus-event.com\/site\/en\/company-birthday-party-at-musee-rodin\/\" title=\"Company birthday party at Mus\u00e9e Rodin\" rel=\"bookmark\">Company birthday party at Mus\u00e9e Rodin<\/a>\n\t<\/h3>\n\n\t\n\t<div class=\"entry-excerpt\"><p>[vc_row gap=\u00a0\u00bb15&Prime;][vc_column css_animation=\u00a0\u00bbright-to-left\u00a0\u00bb width=\u00a0\u00bb2\/3&Prime;][\/vc_column][vc_column css_animation=\u00a0\u00bbleft-to-right\u00a0\u00bb width=\u00a0\u00bb1\/3&Prime;][vc_column_text]Date : 8 June 2023 Location : Rodin museum, Paris Client : Private Equity company\u2026<\/p>\n<\/div>\n\t\n<\/div><\/article><article class=\"post post-2241 type-post status-publish format-standard has-post-thumbnail hentry category-non-classe category-1\" data-name=\"Anniversaire d\u2019entreprise au Mus\u00e9e Rodin\" data-date=\"2023-07-19T12:37:44+02:00\">\n\n<div class=\"post-thumbnail-wrap\">\n\t<div class=\"post-thumbnail\">\n\t\t\n\t\t\n\t\t<a href=\"https:\/\/www.invictus-event.com\/site\/anniversaire-dentreprise-au-musee-rodin\/\" class=\"post-thumbnail-rollover layzr-bg\" ><img decoding=\"async\" class=\"preload-me owl-lazy-load aspect\" src=\"data:image\/svg+xml,%3Csvg%20xmlns%3D&#39;http%3A%2F%2Fwww.w3.org%2F2000%2Fsvg&#39;%20viewBox%3D&#39;0%200%20768%20512&#39;%2F%3E\" data-src=\"https:\/\/www.invictus-event.com\/site\/wp-content\/uploads\/2023\/07\/musee1-768x512.jpg\" data-srcset=\"https:\/\/www.invictus-event.com\/site\/wp-content\/uploads\/2023\/07\/musee1-768x512.jpg 768w, https:\/\/www.invictus-event.com\/site\/wp-content\/uploads\/2023\/07\/musee1-960x640.jpg 960w\" loading=\"eager\" style=\"--ratio: 768 \/ 512\" sizes=\"(max-width: 768px) 100vw, 768px\" alt=\"\"  width=\"768\" height=\"512\"  \/><\/a>\t<\/div>\n<\/div>\n\n\n<div class=\"post-entry-content\">\n\n\t<h3 class=\"entry-title\">\n\t\t<a href=\"https:\/\/www.invictus-event.com\/site\/anniversaire-dentreprise-au-musee-rodin\/\" title=\"Anniversaire d\u2019entreprise au Mus\u00e9e Rodin\" rel=\"bookmark\">Anniversaire d\u2019entreprise au Mus\u00e9e Rodin<\/a>\n\t<\/h3>\n\n\t\n\t<div class=\"entry-excerpt\"><p>[vc_row gap=\u00a0\u00bb15&Prime;][vc_column css_animation=\u00a0\u00bbright-to-left\u00a0\u00bb width=\u00a0\u00bb2\/3&Prime;][\/vc_column][vc_column css_animation=\u00a0\u00bbleft-to-right\u00a0\u00bb width=\u00a0\u00bb1\/3&Prime;][vc_column_text]Date : 8 juin 2023 Lieu : Mus\u00e9e Rodin, Paris Client : Soci\u00e9t\u00e9 de capital\u2026<\/p>\n<\/div>\n\t\n<\/div><\/article><article class=\"post post-2266 type-post status-publish format-standard has-post-thumbnail hentry category-non-classe-en category-12\" data-name=\"Annual congress 2023, in Lyon\" data-date=\"2023-07-19T12:16:15+02:00\">\n\n<div class=\"post-thumbnail-wrap\">\n\t<div class=\"post-thumbnail\">\n\t\t\n\t\t\n\t\t<a href=\"https:\/\/www.invictus-event.com\/site\/en\/annual-congress-2023-in-lyon\/\" class=\"post-thumbnail-rollover layzr-bg\" ><img decoding=\"async\" class=\"preload-me owl-lazy-load aspect\" src=\"data:image\/svg+xml,%3Csvg%20xmlns%3D&#39;http%3A%2F%2Fwww.w3.org%2F2000%2Fsvg&#39;%20viewBox%3D&#39;0%200%20768%20512&#39;%2F%3E\" data-src=\"https:\/\/www.invictus-event.com\/site\/wp-content\/uploads\/2023\/07\/lyon1-768x512.jpg\" data-srcset=\"https:\/\/www.invictus-event.com\/site\/wp-content\/uploads\/2023\/07\/lyon1-768x512.jpg 768w, https:\/\/www.invictus-event.com\/site\/wp-content\/uploads\/2023\/07\/lyon1-960x640.jpg 960w\" loading=\"eager\" style=\"--ratio: 768 \/ 512\" sizes=\"(max-width: 768px) 100vw, 768px\" alt=\"\"  width=\"768\" height=\"512\"  \/><\/a>\t<\/div>\n<\/div>\n\n\n<div class=\"post-entry-content\">\n\n\t<h3 class=\"entry-title\">\n\t\t<a href=\"https:\/\/www.invictus-event.com\/site\/en\/annual-congress-2023-in-lyon\/\" title=\"Annual congress 2023, in Lyon\" rel=\"bookmark\">Annual congress 2023, in Lyon<\/a>\n\t<\/h3>\n\n\t\n\t<div class=\"entry-excerpt\"><p>[vc_row gap=\u00a0\u00bb15&Prime;][vc_column css_animation=\u00a0\u00bbright-to-left\u00a0\u00bb width=\u00a0\u00bb2\/3&Prime;][\/vc_column][vc_column css_animation=\u00a0\u00bbleft-to-right\u00a0\u00bb width=\u00a0\u00bb1\/3&Prime;][vc_column_text]Date : 25 to 27 May 2023 Lieu\u00a0: Lyon Client : Association of Automotive Experts\u2026<\/p>\n<\/div>\n\t\n<\/div><\/article><article class=\"post post-2264 type-post status-publish format-standard has-post-thumbnail hentry category-non-classe category-1\" data-name=\"Congr\u00e8s annuel 2023, \u00e0 Lyon\" data-date=\"2023-07-19T12:16:07+02:00\">\n\n<div class=\"post-thumbnail-wrap\">\n\t<div class=\"post-thumbnail\">\n\t\t\n\t\t\n\t\t<a href=\"https:\/\/www.invictus-event.com\/site\/congres-annuel-2023-a-lyon\/\" class=\"post-thumbnail-rollover layzr-bg\" ><img decoding=\"async\" class=\"preload-me owl-lazy-load aspect\" src=\"data:image\/svg+xml,%3Csvg%20xmlns%3D&#39;http%3A%2F%2Fwww.w3.org%2F2000%2Fsvg&#39;%20viewBox%3D&#39;0%200%20768%20512&#39;%2F%3E\" data-src=\"https:\/\/www.invictus-event.com\/site\/wp-content\/uploads\/2023\/07\/lyon1-768x512.jpg\" data-srcset=\"https:\/\/www.invictus-event.com\/site\/wp-content\/uploads\/2023\/07\/lyon1-768x512.jpg 768w, https:\/\/www.invictus-event.com\/site\/wp-content\/uploads\/2023\/07\/lyon1-960x640.jpg 960w\" loading=\"eager\" style=\"--ratio: 768 \/ 512\" sizes=\"(max-width: 768px) 100vw, 768px\" alt=\"\"  width=\"768\" height=\"512\"  \/><\/a>\t<\/div>\n<\/div>\n\n\n<div class=\"post-entry-content\">\n\n\t<h3 class=\"entry-title\">\n\t\t<a href=\"https:\/\/www.invictus-event.com\/site\/congres-annuel-2023-a-lyon\/\" title=\"Congr\u00e8s annuel 2023, \u00e0 Lyon\" rel=\"bookmark\">Congr\u00e8s annuel 2023, \u00e0 Lyon<\/a>\n\t<\/h3>\n\n\t\n\t<div class=\"entry-excerpt\"><p>[vc_row gap=\u00a0\u00bb15&Prime;][vc_column css_animation=\u00a0\u00bbright-to-left\u00a0\u00bb width=\u00a0\u00bb2\/3&Prime;][\/vc_column][vc_column css_animation=\u00a0\u00bbleft-to-right\u00a0\u00bb width=\u00a0\u00bb1\/3&Prime;][vc_column_text]Date : Du 25 au 27 mai 2023 Lieu : Lyon Client : Amicale d\u2019Experts\u2026<\/p>\n<\/div>\n\t\n<\/div><\/article><article class=\"post post-2234 type-post status-publish format-standard has-post-thumbnail hentry category-non-classe-en category-12\" data-name=\"Annual convention 2023, in Touraine\" data-date=\"2023-07-19T12:11:42+02:00\">\n\n<div class=\"post-thumbnail-wrap\">\n\t<div class=\"post-thumbnail\">\n\t\t\n\t\t\n\t\t<a href=\"https:\/\/www.invictus-event.com\/site\/en\/annual-convention-2023-in-touraine\/\" class=\"post-thumbnail-rollover layzr-bg\" ><img decoding=\"async\" class=\"preload-me owl-lazy-load aspect\" src=\"data:image\/svg+xml,%3Csvg%20xmlns%3D&#39;http%3A%2F%2Fwww.w3.org%2F2000%2Fsvg&#39;%20viewBox%3D&#39;0%200%20768%20512&#39;%2F%3E\" data-src=\"https:\/\/www.invictus-event.com\/site\/wp-content\/uploads\/2023\/07\/Touraine-768x512.jpg\" data-srcset=\"https:\/\/www.invictus-event.com\/site\/wp-content\/uploads\/2023\/07\/Touraine-768x512.jpg 768w, https:\/\/www.invictus-event.com\/site\/wp-content\/uploads\/2023\/07\/Touraine-960x640.jpg 960w\" loading=\"eager\" style=\"--ratio: 768 \/ 512\" sizes=\"(max-width: 768px) 100vw, 768px\" alt=\"\"  width=\"768\" height=\"512\"  \/><\/a>\t<\/div>\n<\/div>\n\n\n<div class=\"post-entry-content\">\n\n\t<h3 class=\"entry-title\">\n\t\t<a href=\"https:\/\/www.invictus-event.com\/site\/en\/annual-convention-2023-in-touraine\/\" title=\"Annual convention 2023, in Touraine\" rel=\"bookmark\">Annual convention 2023, in Touraine<\/a>\n\t<\/h3>\n\n\t\n\t<div class=\"entry-excerpt\"><p>[vc_row gap=\u00a0\u00bb15&Prime;][vc_column css_animation=\u00a0\u00bbright-to-left\u00a0\u00bb width=\u00a0\u00bb2\/3&Prime;][\/vc_column][vc_column css_animation=\u00a0\u00bbleft-to-right\u00a0\u00bb width=\u00a0\u00bb1\/3&Prime;][vc_column_text]Date : 6 to 9 May 2023 Location : Touraine Package : Annual convention 4\u2026<\/p>\n<\/div>\n\t\n<\/div><\/article><article class=\"post post-2231 type-post status-publish format-standard has-post-thumbnail hentry category-non-classe category-1\" data-name=\"Convention annuelle 2023, en Touraine\" data-date=\"2023-07-19T12:07:41+02:00\">\n\n<div class=\"post-thumbnail-wrap\">\n\t<div class=\"post-thumbnail\">\n\t\t\n\t\t\n\t\t<a href=\"https:\/\/www.invictus-event.com\/site\/convention-annuelle-en-touraine\/\" class=\"post-thumbnail-rollover layzr-bg\" ><img decoding=\"async\" class=\"preload-me owl-lazy-load aspect\" src=\"data:image\/svg+xml,%3Csvg%20xmlns%3D&#39;http%3A%2F%2Fwww.w3.org%2F2000%2Fsvg&#39;%20viewBox%3D&#39;0%200%20768%20512&#39;%2F%3E\" data-src=\"https:\/\/www.invictus-event.com\/site\/wp-content\/uploads\/2023\/07\/Touraine-768x512.jpg\" data-srcset=\"https:\/\/www.invictus-event.com\/site\/wp-content\/uploads\/2023\/07\/Touraine-768x512.jpg 768w, https:\/\/www.invictus-event.com\/site\/wp-content\/uploads\/2023\/07\/Touraine-960x640.jpg 960w\" loading=\"eager\" style=\"--ratio: 768 \/ 512\" sizes=\"(max-width: 768px) 100vw, 768px\" alt=\"\"  width=\"768\" height=\"512\"  \/><\/a>\t<\/div>\n<\/div>\n\n\n<div class=\"post-entry-content\">\n\n\t<h3 class=\"entry-title\">\n\t\t<a href=\"https:\/\/www.invictus-event.com\/site\/convention-annuelle-en-touraine\/\" title=\"Convention annuelle 2023, en Touraine\" rel=\"bookmark\">Convention annuelle 2023, en Touraine<\/a>\n\t<\/h3>\n\n\t\n\t<div class=\"entry-excerpt\"><p>[vc_row gap=\u00a0\u00bb15&Prime;][vc_column css_animation=\u00a0\u00bbright-to-left\u00a0\u00bb width=\u00a0\u00bb2\/3&Prime;][\/vc_column][vc_column css_animation=\u00a0\u00bbleft-to-right\u00a0\u00bb width=\u00a0\u00bb1\/3&Prime;][vc_column_text]Date : Du 6 au 9 mai 2023 Lieu : Touraine Format : Convention annuelle\u2026<\/p>\n<\/div>\n\t\n<\/div><\/article><article class=\"post post-2275 type-post status-publish format-standard has-post-thumbnail hentry category-non-classe category-1\" data-name=\"Week-end priv\u00e9 pour la pr\u00e9sentation d\u2019un Domaine viticole\" data-date=\"2023-07-19T09:20:27+02:00\">\n\n<div class=\"post-thumbnail-wrap\">\n\t<div class=\"post-thumbnail\">\n\t\t\n\t\t\n\t\t<a href=\"https:\/\/www.invictus-event.com\/site\/week-end-prive-pour-la-presentation-dun-domaine-viticole\/\" class=\"post-thumbnail-rollover layzr-bg\" ><img decoding=\"async\" class=\"preload-me owl-lazy-load aspect\" src=\"data:image\/svg+xml,%3Csvg%20xmlns%3D&#39;http%3A%2F%2Fwww.w3.org%2F2000%2Fsvg&#39;%20viewBox%3D&#39;0%200%20768%20512&#39;%2F%3E\" data-src=\"https:\/\/www.invictus-event.com\/site\/wp-content\/uploads\/2023\/07\/Calque-17-768x512.jpg\" data-srcset=\"https:\/\/www.invictus-event.com\/site\/wp-content\/uploads\/2023\/07\/Calque-17-768x512.jpg 768w, https:\/\/www.invictus-event.com\/site\/wp-content\/uploads\/2023\/07\/Calque-17-960x640.jpg 960w\" loading=\"eager\" style=\"--ratio: 768 \/ 512\" sizes=\"(max-width: 768px) 100vw, 768px\" alt=\"\"  width=\"768\" height=\"512\"  \/><\/a>\t<\/div>\n<\/div>\n\n\n<div class=\"post-entry-content\">\n\n\t<h3 class=\"entry-title\">\n\t\t<a href=\"https:\/\/www.invictus-event.com\/site\/week-end-prive-pour-la-presentation-dun-domaine-viticole\/\" title=\"Week-end priv\u00e9 pour la pr\u00e9sentation d\u2019un Domaine viticole\" rel=\"bookmark\">Week-end priv\u00e9 pour la pr\u00e9sentation d\u2019un Domaine viticole<\/a>\n\t<\/h3>\n\n\t\n\t<div class=\"entry-excerpt\"><p>[vc_row gap=\u00a0\u00bb15&Prime;][vc_column css_animation=\u00a0\u00bbright-to-left\u00a0\u00bb width=\u00a0\u00bb2\/3&Prime;][\/vc_column][vc_column css_animation=\u00a0\u00bbleft-to-right\u00a0\u00bb width=\u00a0\u00bb1\/3&Prime;][vc_column_text]Date : Du 29 avril au 1e mai 2023 Lieu : Provence Format : \u00c9v\u00e9nement\u2026<\/p>\n<\/div>\n\t\n<\/div><\/article><article class=\"post post-2279 type-post status-publish format-standard has-post-thumbnail hentry category-non-classe-en category-12\" data-name=\"Private week-end for Wine estate presentation\" data-date=\"2023-07-19T09:20:23+02:00\">\n\n<div class=\"post-thumbnail-wrap\">\n\t<div class=\"post-thumbnail\">\n\t\t\n\t\t\n\t\t<a href=\"https:\/\/www.invictus-event.com\/site\/en\/private-week-end-for-wine-estate-presentation\/\" class=\"post-thumbnail-rollover layzr-bg\" ><img decoding=\"async\" class=\"preload-me owl-lazy-load aspect\" src=\"data:image\/svg+xml,%3Csvg%20xmlns%3D&#39;http%3A%2F%2Fwww.w3.org%2F2000%2Fsvg&#39;%20viewBox%3D&#39;0%200%20768%20512&#39;%2F%3E\" data-src=\"https:\/\/www.invictus-event.com\/site\/wp-content\/uploads\/2023\/07\/Calque-17-768x512.jpg\" data-srcset=\"https:\/\/www.invictus-event.com\/site\/wp-content\/uploads\/2023\/07\/Calque-17-768x512.jpg 768w, https:\/\/www.invictus-event.com\/site\/wp-content\/uploads\/2023\/07\/Calque-17-960x640.jpg 960w\" loading=\"eager\" style=\"--ratio: 768 \/ 512\" sizes=\"(max-width: 768px) 100vw, 768px\" alt=\"\"  width=\"768\" height=\"512\"  \/><\/a>\t<\/div>\n<\/div>\n\n\n<div class=\"post-entry-content\">\n\n\t<h3 class=\"entry-title\">\n\t\t<a href=\"https:\/\/www.invictus-event.com\/site\/en\/private-week-end-for-wine-estate-presentation\/\" title=\"Private week-end for Wine estate presentation\" rel=\"bookmark\">Private week-end for Wine estate presentation<\/a>\n\t<\/h3>\n\n\t\n\t<div class=\"entry-excerpt\"><p>[vc_row gap=\u00a0\u00bb15&Prime;][vc_column css_animation=\u00a0\u00bbright-to-left\u00a0\u00bb width=\u00a0\u00bb2\/3&Prime;][\/vc_column][vc_column css_animation=\u00a0\u00bbleft-to-right\u00a0\u00bb width=\u00a0\u00bb1\/3&Prime;][vc_column_text]Date : 29 April to 1 May 2023 Location : Provence Package : Private event\u2026<\/p>\n<\/div>\n\t\n<\/div><\/article><article class=\"post post-2296 type-post status-publish format-standard has-post-thumbnail hentry category-non-classe category-1\" data-name=\"Table ronde \u00e0 l\u2019H\u00f4tel Georges V\" data-date=\"2023-07-19T09:19:43+02:00\">\n\n<div class=\"post-thumbnail-wrap\">\n\t<div class=\"post-thumbnail\">\n\t\t\n\t\t\n\t\t<a href=\"https:\/\/www.invictus-event.com\/site\/table-ronde-a-lhotel-georges-v\/\" class=\"post-thumbnail-rollover layzr-bg\" ><img decoding=\"async\" class=\"preload-me owl-lazy-load aspect\" src=\"data:image\/svg+xml,%3Csvg%20xmlns%3D&#39;http%3A%2F%2Fwww.w3.org%2F2000%2Fsvg&#39;%20viewBox%3D&#39;0%200%20768%20512&#39;%2F%3E\" data-src=\"https:\/\/www.invictus-event.com\/site\/wp-content\/uploads\/2023\/07\/Calque-1-768x512.jpg\" data-srcset=\"https:\/\/www.invictus-event.com\/site\/wp-content\/uploads\/2023\/07\/Calque-1-768x512.jpg 768w, https:\/\/www.invictus-event.com\/site\/wp-content\/uploads\/2023\/07\/Calque-1-960x640.jpg 960w\" loading=\"eager\" style=\"--ratio: 768 \/ 512\" sizes=\"(max-width: 768px) 100vw, 768px\" alt=\"\"  width=\"768\" height=\"512\"  \/><\/a>\t<\/div>\n<\/div>\n\n\n<div class=\"post-entry-content\">\n\n\t<h3 class=\"entry-title\">\n\t\t<a href=\"https:\/\/www.invictus-event.com\/site\/table-ronde-a-lhotel-georges-v\/\" title=\"Table ronde \u00e0 l\u2019H\u00f4tel Georges V\" rel=\"bookmark\">Table ronde \u00e0 l\u2019H\u00f4tel Georges V<\/a>\n\t<\/h3>\n\n\t\n\t<div class=\"entry-excerpt\"><p>[vc_row gap=\u00a0\u00bb15&Prime;][vc_column css_animation=\u00a0\u00bbright-to-left\u00a0\u00bb width=\u00a0\u00bb2\/3&Prime;][\/vc_column][vc_column css_animation=\u00a0\u00bbleft-to-right\u00a0\u00bb width=\u00a0\u00bb1\/3&Prime;][vc_column_text]Date : Du 18 avril 2023 Lieu : H\u00f4tel Georges V, Paris Client : Soci\u00e9t\u00e9\u2026<\/p>\n<\/div>\n\t\n<\/div><\/article><article class=\"post post-2298 type-post status-publish format-standard has-post-thumbnail hentry category-non-classe-en category-12\" data-name=\"Meeting at Georges V hotel\" data-date=\"2023-07-19T09:19:41+02:00\">\n\n<div class=\"post-thumbnail-wrap\">\n\t<div class=\"post-thumbnail\">\n\t\t\n\t\t\n\t\t<a href=\"https:\/\/www.invictus-event.com\/site\/en\/meeting-at-georges-v-hotel\/\" class=\"post-thumbnail-rollover layzr-bg\" ><img decoding=\"async\" class=\"preload-me owl-lazy-load aspect\" src=\"data:image\/svg+xml,%3Csvg%20xmlns%3D&#39;http%3A%2F%2Fwww.w3.org%2F2000%2Fsvg&#39;%20viewBox%3D&#39;0%200%20768%20512&#39;%2F%3E\" data-src=\"https:\/\/www.invictus-event.com\/site\/wp-content\/uploads\/2023\/07\/Calque-1-768x512.jpg\" data-srcset=\"https:\/\/www.invictus-event.com\/site\/wp-content\/uploads\/2023\/07\/Calque-1-768x512.jpg 768w, https:\/\/www.invictus-event.com\/site\/wp-content\/uploads\/2023\/07\/Calque-1-960x640.jpg 960w\" loading=\"eager\" style=\"--ratio: 768 \/ 512\" sizes=\"(max-width: 768px) 100vw, 768px\" alt=\"\"  width=\"768\" height=\"512\"  \/><\/a>\t<\/div>\n<\/div>\n\n\n<div class=\"post-entry-content\">\n\n\t<h3 class=\"entry-title\">\n\t\t<a href=\"https:\/\/www.invictus-event.com\/site\/en\/meeting-at-georges-v-hotel\/\" title=\"Meeting at Georges V hotel\" rel=\"bookmark\">Meeting at Georges V hotel<\/a>\n\t<\/h3>\n\n\t\n\t<div class=\"entry-excerpt\"><p>[vc_row gap=\u00a0\u00bb15&Prime;][vc_column css_animation=\u00a0\u00bbright-to-left\u00a0\u00bb width=\u00a0\u00bb2\/3&Prime;][\/vc_column][vc_column css_animation=\u00a0\u00bbleft-to-right\u00a0\u00bb width=\u00a0\u00bb1\/3&Prime;][vc_column_text]Date : 18 April 2023 Location : Georges V hotel, Paris Client : Private Equity\u2026<\/p>\n<\/div>\n\t\n<\/div><\/article><article class=\"post post-2288 type-post status-publish format-standard has-post-thumbnail hentry category-non-classe-en category-12\" data-name=\"Awards of the L\u00e9gion of Honor to H\u00f4tel de l\u2019Industrie\" data-date=\"2023-07-19T09:18:35+02:00\">\n\n<div class=\"post-thumbnail-wrap\">\n\t<div class=\"post-thumbnail\">\n\t\t\n\t\t\n\t\t<a href=\"https:\/\/www.invictus-event.com\/site\/en\/awards-of-the-legion-of-honor-to-hotel-de-lindustrie\/\" class=\"post-thumbnail-rollover layzr-bg\" ><img decoding=\"async\" class=\"preload-me owl-lazy-load aspect\" src=\"data:image\/svg+xml,%3Csvg%20xmlns%3D&#39;http%3A%2F%2Fwww.w3.org%2F2000%2Fsvg&#39;%20viewBox%3D&#39;0%200%20768%20512&#39;%2F%3E\" data-src=\"https:\/\/www.invictus-event.com\/site\/wp-content\/uploads\/2023\/07\/hotel-de-industrie-768x512.jpg\" data-srcset=\"https:\/\/www.invictus-event.com\/site\/wp-content\/uploads\/2023\/07\/hotel-de-industrie-768x512.jpg 768w, https:\/\/www.invictus-event.com\/site\/wp-content\/uploads\/2023\/07\/hotel-de-industrie-960x640.jpg 960w\" loading=\"eager\" style=\"--ratio: 768 \/ 512\" sizes=\"(max-width: 768px) 100vw, 768px\" alt=\"\"  width=\"768\" height=\"512\"  \/><\/a>\t<\/div>\n<\/div>\n\n\n<div class=\"post-entry-content\">\n\n\t<h3 class=\"entry-title\">\n\t\t<a href=\"https:\/\/www.invictus-event.com\/site\/en\/awards-of-the-legion-of-honor-to-hotel-de-lindustrie\/\" title=\"Awards of the L\u00e9gion of Honor to H\u00f4tel de l\u2019Industrie\" rel=\"bookmark\">Awards of the L\u00e9gion of Honor to H\u00f4tel de l\u2019Industrie<\/a>\n\t<\/h3>\n\n\t\n\t<div class=\"entry-excerpt\"><p>[vc_row gap=\u00a0\u00bb15&Prime;][vc_column css_animation=\u00a0\u00bbright-to-left\u00a0\u00bb width=\u00a0\u00bb2\/3&Prime;][\/vc_column][vc_column css_animation=\u00a0\u00bbleft-to-right\u00a0\u00bb width=\u00a0\u00bb1\/3&Prime;][vc_column_text]Date : 5 April 2023 Location : H\u00f4tel de l\u2019Industrie, Paris Package : Private event\u2026<\/p>\n<\/div>\n\t\n<\/div><\/article><article class=\"post post-2290 type-post status-publish format-standard has-post-thumbnail hentry category-non-classe category-1\" data-name=\"Remise de la L\u00e9gion d\u2019Honneur \u00e0 l\u2019H\u00f4tel de l\u2019Industrie\" data-date=\"2023-07-19T09:18:21+02:00\">\n\n<div class=\"post-thumbnail-wrap\">\n\t<div class=\"post-thumbnail\">\n\t\t\n\t\t\n\t\t<a href=\"https:\/\/www.invictus-event.com\/site\/remise-de-la-legion-dhonneur-a-lhotel-de-lindustrie\/\" class=\"post-thumbnail-rollover layzr-bg\" ><img decoding=\"async\" class=\"preload-me owl-lazy-load aspect\" src=\"data:image\/svg+xml,%3Csvg%20xmlns%3D&#39;http%3A%2F%2Fwww.w3.org%2F2000%2Fsvg&#39;%20viewBox%3D&#39;0%200%20768%20512&#39;%2F%3E\" data-src=\"https:\/\/www.invictus-event.com\/site\/wp-content\/uploads\/2023\/07\/hotel-de-industrie-768x512.jpg\" data-srcset=\"https:\/\/www.invictus-event.com\/site\/wp-content\/uploads\/2023\/07\/hotel-de-industrie-768x512.jpg 768w, https:\/\/www.invictus-event.com\/site\/wp-content\/uploads\/2023\/07\/hotel-de-industrie-960x640.jpg 960w\" loading=\"eager\" style=\"--ratio: 768 \/ 512\" sizes=\"(max-width: 768px) 100vw, 768px\" alt=\"\"  width=\"768\" height=\"512\"  \/><\/a>\t<\/div>\n<\/div>\n\n\n<div class=\"post-entry-content\">\n\n\t<h3 class=\"entry-title\">\n\t\t<a href=\"https:\/\/www.invictus-event.com\/site\/remise-de-la-legion-dhonneur-a-lhotel-de-lindustrie\/\" title=\"Remise de la L\u00e9gion d\u2019Honneur \u00e0 l\u2019H\u00f4tel de l\u2019Industrie\" rel=\"bookmark\">Remise de la L\u00e9gion d\u2019Honneur \u00e0 l\u2019H\u00f4tel de l\u2019Industrie<\/a>\n\t<\/h3>\n\n\t\n\t<div class=\"entry-excerpt\"><p>[vc_row gap=\u00a0\u00bb15&Prime;][vc_column css_animation=\u00a0\u00bbright-to-left\u00a0\u00bb width=\u00a0\u00bb2\/3&Prime;][\/vc_column][vc_column css_animation=\u00a0\u00bbleft-to-right\u00a0\u00bb width=\u00a0\u00bb1\/3&Prime;][vc_column_text]Date : 5 avril 2023 Lieu : H\u00f4tel de l\u2019Industrie, Paris Format : \u00c9v\u00e9nement priv\u00e9\u2026<\/p>\n<\/div>\n\t\n<\/div><\/article><article class=\"post post-2209 type-post status-publish format-standard has-post-thumbnail hentry category-non-classe category-1\" data-name=\"Convention annuelle 2023, \u00e0 Rome\" data-date=\"2023-07-19T09:17:38+02:00\">\n\n<div class=\"post-thumbnail-wrap\">\n\t<div class=\"post-thumbnail\">\n\t\t\n\t\t\n\t\t<a href=\"https:\/\/www.invictus-event.com\/site\/convention-annuelle-a-rome\/\" class=\"post-thumbnail-rollover layzr-bg\" ><img decoding=\"async\" class=\"preload-me owl-lazy-load aspect\" src=\"data:image\/svg+xml,%3Csvg%20xmlns%3D&#39;http%3A%2F%2Fwww.w3.org%2F2000%2Fsvg&#39;%20viewBox%3D&#39;0%200%20768%20512&#39;%2F%3E\" data-src=\"https:\/\/www.invictus-event.com\/site\/wp-content\/uploads\/2023\/07\/rome3-768x512.jpg\" data-srcset=\"https:\/\/www.invictus-event.com\/site\/wp-content\/uploads\/2023\/07\/rome3-768x512.jpg 768w, https:\/\/www.invictus-event.com\/site\/wp-content\/uploads\/2023\/07\/rome3-960x640.jpg 960w\" loading=\"eager\" style=\"--ratio: 768 \/ 512\" sizes=\"(max-width: 768px) 100vw, 768px\" alt=\"\"  width=\"768\" height=\"512\"  \/><\/a>\t<\/div>\n<\/div>\n\n\n<div class=\"post-entry-content\">\n\n\t<h3 class=\"entry-title\">\n\t\t<a href=\"https:\/\/www.invictus-event.com\/site\/convention-annuelle-a-rome\/\" title=\"Convention annuelle 2023, \u00e0 Rome\" rel=\"bookmark\">Convention annuelle 2023, \u00e0 Rome<\/a>\n\t<\/h3>\n\n\t\n\t<div class=\"entry-excerpt\"><p>[vc_row gap=\u00a0\u00bb15&Prime;][vc_column css_animation=\u00a0\u00bbright-to-left\u00a0\u00bb width=\u00a0\u00bb2\/3&Prime;][\/vc_column][vc_column css_animation=\u00a0\u00bbleft-to-right\u00a0\u00bb width=\u00a0\u00bb1\/3&Prime;][vc_column_text]Date : 26 au 28 janvier 2023 Lieu : Rome, Italie Client : Association d\u2019huissiers\u2026<\/p>\n<\/div>\n\t\n<\/div><\/article><article class=\"post post-2220 type-post status-publish format-standard has-post-thumbnail hentry category-non-classe-en category-12\" data-name=\"Annual convention 2023, in Roma\" data-date=\"2023-07-19T09:17:04+02:00\">\n\n<div class=\"post-thumbnail-wrap\">\n\t<div class=\"post-thumbnail\">\n\t\t\n\t\t\n\t\t<a href=\"https:\/\/www.invictus-event.com\/site\/en\/annual-convention-2023-in-roma\/\" class=\"post-thumbnail-rollover layzr-bg\" ><img decoding=\"async\" class=\"preload-me owl-lazy-load aspect\" src=\"data:image\/svg+xml,%3Csvg%20xmlns%3D&#39;http%3A%2F%2Fwww.w3.org%2F2000%2Fsvg&#39;%20viewBox%3D&#39;0%200%20768%20512&#39;%2F%3E\" data-src=\"https:\/\/www.invictus-event.com\/site\/wp-content\/uploads\/2023\/07\/rome3-1-768x512.jpg\" data-srcset=\"https:\/\/www.invictus-event.com\/site\/wp-content\/uploads\/2023\/07\/rome3-1-768x512.jpg 768w, https:\/\/www.invictus-event.com\/site\/wp-content\/uploads\/2023\/07\/rome3-1-960x640.jpg 960w\" loading=\"eager\" style=\"--ratio: 768 \/ 512\" sizes=\"(max-width: 768px) 100vw, 768px\" alt=\"\"  width=\"768\" height=\"512\"  \/><\/a>\t<\/div>\n<\/div>\n\n\n<div class=\"post-entry-content\">\n\n\t<h3 class=\"entry-title\">\n\t\t<a href=\"https:\/\/www.invictus-event.com\/site\/en\/annual-convention-2023-in-roma\/\" title=\"Annual convention 2023, in Roma\" rel=\"bookmark\">Annual convention 2023, in Roma<\/a>\n\t<\/h3>\n\n\t\n\t<div class=\"entry-excerpt\"><p>[vc_row gap=\u00a0\u00bb15&Prime;][vc_column css_animation=\u00a0\u00bbright-to-left\u00a0\u00bb width=\u00a0\u00bb2\/3&Prime;][\/vc_column][vc_column css_animation=\u00a0\u00bbleft-to-right\u00a0\u00bb width=\u00a0\u00bb1\/3&Prime;][vc_column_text]Date : 26 to 28 January 2023 Location : Roma, Italia Client : Association of\u2026<\/p>\n<\/div>\n\t\n<\/div><\/article><article class=\"post post-2174 type-post status-publish format-standard has-post-thumbnail hentry category-non-classe-en category-12\" data-name=\"Seminar at the Mc Gallery Molitor hotel\" data-date=\"2022-09-09T15:15:24+02:00\">\n\n<div class=\"post-thumbnail-wrap\">\n\t<div class=\"post-thumbnail\">\n\t\t\n\t\t\n\t\t<a href=\"https:\/\/www.invictus-event.com\/site\/en\/seminar-at-the-mc-gallery-molitor-hotel\/\" class=\"post-thumbnail-rollover layzr-bg\" ><img decoding=\"async\" class=\"preload-me owl-lazy-load aspect\" src=\"data:image\/svg+xml,%3Csvg%20xmlns%3D&#39;http%3A%2F%2Fwww.w3.org%2F2000%2Fsvg&#39;%20viewBox%3D&#39;0%200%20768%20512&#39;%2F%3E\" data-src=\"https:\/\/www.invictus-event.com\/site\/wp-content\/uploads\/2022\/09\/1-molitor-768x512.jpg\" data-srcset=\"https:\/\/www.invictus-event.com\/site\/wp-content\/uploads\/2022\/09\/1-molitor-768x512.jpg 768w, https:\/\/www.invictus-event.com\/site\/wp-content\/uploads\/2022\/09\/1-molitor-960x640.jpg 960w\" loading=\"eager\" style=\"--ratio: 768 \/ 512\" sizes=\"(max-width: 768px) 100vw, 768px\" alt=\"\"  width=\"768\" height=\"512\"  \/><\/a>\t<\/div>\n<\/div>\n\n\n<div class=\"post-entry-content\">\n\n\t<h3 class=\"entry-title\">\n\t\t<a href=\"https:\/\/www.invictus-event.com\/site\/en\/seminar-at-the-mc-gallery-molitor-hotel\/\" title=\"Seminar at the Mc Gallery Molitor hotel\" rel=\"bookmark\">Seminar at the Mc Gallery Molitor hotel<\/a>\n\t<\/h3>\n\n\t\n\t<div class=\"entry-excerpt\"><p>[vc_row gap=\u00a0\u00bb15&Prime;][vc_column css_animation=\u00a0\u00bbright-to-left\u00a0\u00bb width=\u00a0\u00bb2\/3&Prime;][\/vc_column][vc_column css_animation=\u00a0\u00bbleft-to-right\u00a0\u00bb width=\u00a0\u00bb1\/3&Prime;][vc_column_text]Date: 30th of June and 1st of July 2022 Location: Paris Client:\u00a0Experts for insurances companies\u2026<\/p>\n<\/div>\n\t\n<\/div><\/article><article class=\"post post-2171 type-post status-publish format-standard has-post-thumbnail hentry category-non-classe category-1\" data-name=\"S\u00e9minaire \u00e0 l&rsquo;h\u00f4tel Mc Gallery Molitor\" data-date=\"2022-09-09T15:15:04+02:00\">\n\n<div class=\"post-thumbnail-wrap\">\n\t<div class=\"post-thumbnail\">\n\t\t\n\t\t\n\t\t<a href=\"https:\/\/www.invictus-event.com\/site\/seminaire-a-lhotel-mc-gallery-molitor\/\" class=\"post-thumbnail-rollover layzr-bg\" ><img decoding=\"async\" class=\"preload-me owl-lazy-load aspect\" src=\"data:image\/svg+xml,%3Csvg%20xmlns%3D&#39;http%3A%2F%2Fwww.w3.org%2F2000%2Fsvg&#39;%20viewBox%3D&#39;0%200%20768%20512&#39;%2F%3E\" data-src=\"https:\/\/www.invictus-event.com\/site\/wp-content\/uploads\/2022\/09\/2-AW-juin-768x512.jpg\" data-srcset=\"https:\/\/www.invictus-event.com\/site\/wp-content\/uploads\/2022\/09\/2-AW-juin-768x512.jpg 768w, https:\/\/www.invictus-event.com\/site\/wp-content\/uploads\/2022\/09\/2-AW-juin-960x640.jpg 960w\" loading=\"eager\" style=\"--ratio: 768 \/ 512\" sizes=\"(max-width: 768px) 100vw, 768px\" alt=\"\"  width=\"768\" height=\"512\"  \/><\/a>\t<\/div>\n<\/div>\n\n\n<div class=\"post-entry-content\">\n\n\t<h3 class=\"entry-title\">\n\t\t<a href=\"https:\/\/www.invictus-event.com\/site\/seminaire-a-lhotel-mc-gallery-molitor\/\" title=\"S\u00e9minaire \u00e0 l&rsquo;h\u00f4tel Mc Gallery Molitor\" rel=\"bookmark\">S\u00e9minaire \u00e0 l&rsquo;h\u00f4tel Mc Gallery Molitor<\/a>\n\t<\/h3>\n\n\t\n\t<div class=\"entry-excerpt\"><p>[vc_row gap=\u00a0\u00bb15&Prime;][vc_column css_animation=\u00a0\u00bbright-to-left\u00a0\u00bb width=\u00a0\u00bb2\/3&Prime;][\/vc_column][vc_column css_animation=\u00a0\u00bbleft-to-right\u00a0\u00bb width=\u00a0\u00bb1\/3&Prime;][vc_column_text]Date : 30 juin et 1e juillet 2022 Lieu : Paris Client : Experts dans\u2026<\/p>\n<\/div>\n\t\n<\/div><\/article><article class=\"post post-2168 type-post status-publish format-standard has-post-thumbnail hentry category-non-classe-en category-12\" data-name=\"Internal evening at the Museum of Modern Art in Paris\" data-date=\"2022-09-09T15:10:58+02:00\">\n\n<div class=\"post-thumbnail-wrap\">\n\t<div class=\"post-thumbnail\">\n\t\t\n\t\t\n\t\t<a href=\"https:\/\/www.invictus-event.com\/site\/en\/internal-evening-at-the-museum-of-modern-art-in-paris\/\" class=\"post-thumbnail-rollover layzr-bg\" ><img decoding=\"async\" class=\"preload-me owl-lazy-load aspect\" src=\"data:image\/svg+xml,%3Csvg%20xmlns%3D&#39;http%3A%2F%2Fwww.w3.org%2F2000%2Fsvg&#39;%20viewBox%3D&#39;0%200%20768%20512&#39;%2F%3E\" data-src=\"https:\/\/www.invictus-event.com\/site\/wp-content\/uploads\/2022\/09\/2-musee-art-moderne-paris-1-768x512.jpg\" data-srcset=\"https:\/\/www.invictus-event.com\/site\/wp-content\/uploads\/2022\/09\/2-musee-art-moderne-paris-1-768x512.jpg 768w, https:\/\/www.invictus-event.com\/site\/wp-content\/uploads\/2022\/09\/2-musee-art-moderne-paris-1-960x640.jpg 960w\" loading=\"eager\" style=\"--ratio: 768 \/ 512\" sizes=\"(max-width: 768px) 100vw, 768px\" alt=\"\"  width=\"768\" height=\"512\"  \/><\/a>\t<\/div>\n<\/div>\n\n\n<div class=\"post-entry-content\">\n\n\t<h3 class=\"entry-title\">\n\t\t<a href=\"https:\/\/www.invictus-event.com\/site\/en\/internal-evening-at-the-museum-of-modern-art-in-paris\/\" title=\"Internal evening at the Museum of Modern Art in Paris\" rel=\"bookmark\">Internal evening at the Museum of Modern Art in Paris<\/a>\n\t<\/h3>\n\n\t\n\t<div class=\"entry-excerpt\"><p>[vc_row gap=\u00a0\u00bb15&Prime;][vc_column css_animation=\u00a0\u00bbright-to-left\u00a0\u00bb width=\u00a0\u00bb2\/3&Prime;][\/vc_column][vc_column css_animation=\u00a0\u00bbleft-to-right\u00a0\u00bb width=\u00a0\u00bb1\/3&Prime;][vc_column_text]Date: 13th of June 2022 Location: Paris Client:\u00a0Experts for insurances companies Package: meeting, museum rally\u2026<\/p>\n<\/div>\n\t\n<\/div><\/article><article class=\"post post-2164 type-post status-publish format-standard has-post-thumbnail hentry category-non-classe category-1\" data-name=\"Soir\u00e9e interne au Mus\u00e9e d&rsquo;Art Moderne de Paris\" data-date=\"2022-09-09T15:10:35+02:00\">\n\n<div class=\"post-thumbnail-wrap\">\n\t<div class=\"post-thumbnail\">\n\t\t\n\t\t\n\t\t<a href=\"https:\/\/www.invictus-event.com\/site\/soiree-interne-au-musee-dart-moderne-de-paris\/\" class=\"post-thumbnail-rollover layzr-bg\" ><img decoding=\"async\" class=\"preload-me owl-lazy-load aspect\" src=\"data:image\/svg+xml,%3Csvg%20xmlns%3D&#39;http%3A%2F%2Fwww.w3.org%2F2000%2Fsvg&#39;%20viewBox%3D&#39;0%200%20768%20512&#39;%2F%3E\" data-src=\"https:\/\/www.invictus-event.com\/site\/wp-content\/uploads\/2022\/09\/2-musee-art-moderne-paris-768x512.jpg\" data-srcset=\"https:\/\/www.invictus-event.com\/site\/wp-content\/uploads\/2022\/09\/2-musee-art-moderne-paris-768x512.jpg 768w, https:\/\/www.invictus-event.com\/site\/wp-content\/uploads\/2022\/09\/2-musee-art-moderne-paris-960x640.jpg 960w\" loading=\"eager\" style=\"--ratio: 768 \/ 512\" sizes=\"(max-width: 768px) 100vw, 768px\" alt=\"\"  width=\"768\" height=\"512\"  \/><\/a>\t<\/div>\n<\/div>\n\n\n<div class=\"post-entry-content\">\n\n\t<h3 class=\"entry-title\">\n\t\t<a href=\"https:\/\/www.invictus-event.com\/site\/soiree-interne-au-musee-dart-moderne-de-paris\/\" title=\"Soir\u00e9e interne au Mus\u00e9e d&rsquo;Art Moderne de Paris\" rel=\"bookmark\">Soir\u00e9e interne au Mus\u00e9e d&rsquo;Art Moderne de Paris<\/a>\n\t<\/h3>\n\n\t\n\t<div class=\"entry-excerpt\"><p>[vc_row gap=\u00a0\u00bb15&Prime;][vc_column css_animation=\u00a0\u00bbright-to-left\u00a0\u00bb width=\u00a0\u00bb2\/3&Prime;][\/vc_column][vc_column css_animation=\u00a0\u00bbleft-to-right\u00a0\u00bb width=\u00a0\u00bb1\/3&Prime;][vc_column_text]Date : 13 juin 2022 Lieu : Paris Client : Experts dans le domaine des\u2026<\/p>\n<\/div>\n\t\n<\/div><\/article><article class=\"post post-2142 type-post status-publish format-standard has-post-thumbnail hentry category-non-classe category-1\" data-name=\"Conf\u00e9rence annuelle, \u00e0 Berlin\" data-date=\"2022-09-09T15:05:46+02:00\">\n\n<div class=\"post-thumbnail-wrap\">\n\t<div class=\"post-thumbnail\">\n\t\t\n\t\t\n\t\t<a href=\"https:\/\/www.invictus-event.com\/site\/conference-annuelle-a-berlin\/\" class=\"post-thumbnail-rollover layzr-bg\" ><img decoding=\"async\" class=\"preload-me owl-lazy-load aspect\" src=\"data:image\/svg+xml,%3Csvg%20xmlns%3D&#39;http%3A%2F%2Fwww.w3.org%2F2000%2Fsvg&#39;%20viewBox%3D&#39;0%200%20768%20512&#39;%2F%3E\" data-src=\"https:\/\/www.invictus-event.com\/site\/wp-content\/uploads\/2022\/09\/1-couv-768x512.jpg\" data-srcset=\"https:\/\/www.invictus-event.com\/site\/wp-content\/uploads\/2022\/09\/1-couv-768x512.jpg 768w, https:\/\/www.invictus-event.com\/site\/wp-content\/uploads\/2022\/09\/1-couv-960x640.jpg 960w\" loading=\"eager\" style=\"--ratio: 768 \/ 512\" sizes=\"(max-width: 768px) 100vw, 768px\" alt=\"\"  width=\"768\" height=\"512\"  \/><\/a>\t<\/div>\n<\/div>\n\n\n<div class=\"post-entry-content\">\n\n\t<h3 class=\"entry-title\">\n\t\t<a href=\"https:\/\/www.invictus-event.com\/site\/conference-annuelle-a-berlin\/\" title=\"Conf\u00e9rence annuelle, \u00e0 Berlin\" rel=\"bookmark\">Conf\u00e9rence annuelle, \u00e0 Berlin<\/a>\n\t<\/h3>\n\n\t\n\t<div class=\"entry-excerpt\"><p>[vc_row gap=\u00a0\u00bb15&Prime;][vc_column css_animation=\u00a0\u00bbright-to-left\u00a0\u00bb width=\u00a0\u00bb2\/3&Prime;][\/vc_column][vc_column css_animation=\u00a0\u00bbleft-to-right\u00a0\u00bb width=\u00a0\u00bb1\/3&Prime;][vc_column_text]Date : du 6 au 8 juin 2022 Lieu : Berlin Client : Association dans\u2026<\/p>\n<\/div>\n\t\n<\/div><\/article><article class=\"post post-2144 type-post status-publish format-standard has-post-thumbnail hentry category-non-classe-en category-12\" data-name=\"Annual conference, in Berlin\" data-date=\"2022-09-09T15:05:02+02:00\">\n\n<div class=\"post-thumbnail-wrap\">\n\t<div class=\"post-thumbnail\">\n\t\t\n\t\t\n\t\t<a href=\"https:\/\/www.invictus-event.com\/site\/en\/annual-conference-in-berlin\/\" class=\"post-thumbnail-rollover layzr-bg\" ><img decoding=\"async\" class=\"preload-me owl-lazy-load aspect\" src=\"data:image\/svg+xml,%3Csvg%20xmlns%3D&#39;http%3A%2F%2Fwww.w3.org%2F2000%2Fsvg&#39;%20viewBox%3D&#39;0%200%20768%20512&#39;%2F%3E\" data-src=\"https:\/\/www.invictus-event.com\/site\/wp-content\/uploads\/2022\/09\/1-berlin-768x512.jpg\" data-srcset=\"https:\/\/www.invictus-event.com\/site\/wp-content\/uploads\/2022\/09\/1-berlin-768x512.jpg 768w, https:\/\/www.invictus-event.com\/site\/wp-content\/uploads\/2022\/09\/1-berlin-960x640.jpg 960w\" loading=\"eager\" style=\"--ratio: 768 \/ 512\" sizes=\"(max-width: 768px) 100vw, 768px\" alt=\"\"  width=\"768\" height=\"512\"  \/><\/a>\t<\/div>\n<\/div>\n\n\n<div class=\"post-entry-content\">\n\n\t<h3 class=\"entry-title\">\n\t\t<a href=\"https:\/\/www.invictus-event.com\/site\/en\/annual-conference-in-berlin\/\" title=\"Annual conference, in Berlin\" rel=\"bookmark\">Annual conference, in Berlin<\/a>\n\t<\/h3>\n\n\t\n\t<div class=\"entry-excerpt\"><p>[vc_row gap=\u00a0\u00bb15&Prime;][vc_column css_animation=\u00a0\u00bbright-to-left\u00a0\u00bb width=\u00a0\u00bb2\/3&Prime;][\/vc_column][vc_column css_animation=\u00a0\u00bbleft-to-right\u00a0\u00bb width=\u00a0\u00bb1\/3&Prime;][vc_column_text]Date: From the 6th to the 8th of June 2022 Location: Berlin Client:\u00a0Association of Polyurethane\u2026<\/p>\n<\/div>\n\t\n<\/div><\/article><article class=\"post post-2161 type-post status-publish format-standard has-post-thumbnail hentry category-non-classe-en category-12\" data-name=\"Seminar, in Seville\" data-date=\"2022-09-09T15:00:49+02:00\">\n\n<div class=\"post-thumbnail-wrap\">\n\t<div class=\"post-thumbnail\">\n\t\t\n\t\t\n\t\t<a href=\"https:\/\/www.invictus-event.com\/site\/en\/seminar-in-seville\/\" class=\"post-thumbnail-rollover layzr-bg\" ><img decoding=\"async\" class=\"preload-me owl-lazy-load aspect\" src=\"data:image\/svg+xml,%3Csvg%20xmlns%3D&#39;http%3A%2F%2Fwww.w3.org%2F2000%2Fsvg&#39;%20viewBox%3D&#39;0%200%20720%20480&#39;%2F%3E\" data-src=\"https:\/\/www.invictus-event.com\/site\/wp-content\/uploads\/2022\/09\/3-seville-720x480.jpg\" data-srcset=\"https:\/\/www.invictus-event.com\/site\/wp-content\/uploads\/2022\/09\/3-seville-720x480.jpg 720w\" loading=\"eager\" style=\"--ratio: 720 \/ 480\" sizes=\"(max-width: 720px) 100vw, 720px\" alt=\"\"  width=\"720\" height=\"480\"  \/><\/a>\t<\/div>\n<\/div>\n\n\n<div class=\"post-entry-content\">\n\n\t<h3 class=\"entry-title\">\n\t\t<a href=\"https:\/\/www.invictus-event.com\/site\/en\/seminar-in-seville\/\" title=\"Seminar, in Seville\" rel=\"bookmark\">Seminar, in Seville<\/a>\n\t<\/h3>\n\n\t\n\t<div class=\"entry-excerpt\"><p>[vc_row gap=\u00a0\u00bb15&Prime;][vc_column css_animation=\u00a0\u00bbright-to-left\u00a0\u00bb width=\u00a0\u00bb2\/3&Prime;][\/vc_column][vc_column css_animation=\u00a0\u00bbleft-to-right\u00a0\u00bb width=\u00a0\u00bb1\/3&Prime;][vc_column_text]Date: 31st of March to 3rd of April 2022 Location: S\u00e9ville Client:\u00a0Lawyers company Package: Seminar\u2026<\/p>\n<\/div>\n\t\n<\/div><\/article><article class=\"post post-2158 type-post status-publish format-standard has-post-thumbnail hentry category-non-classe category-1\" data-name=\"S\u00e9minaire, \u00e0 S\u00e9ville\" data-date=\"2022-09-09T15:00:13+02:00\">\n\n<div class=\"post-thumbnail-wrap\">\n\t<div class=\"post-thumbnail\">\n\t\t\n\t\t\n\t\t<a href=\"https:\/\/www.invictus-event.com\/site\/seminaire-a-seville\/\" class=\"post-thumbnail-rollover layzr-bg\" ><img decoding=\"async\" class=\"preload-me owl-lazy-load aspect\" src=\"data:image\/svg+xml,%3Csvg%20xmlns%3D&#39;http%3A%2F%2Fwww.w3.org%2F2000%2Fsvg&#39;%20viewBox%3D&#39;0%200%20720%20480&#39;%2F%3E\" data-src=\"https:\/\/www.invictus-event.com\/site\/wp-content\/uploads\/2022\/09\/3-seville-1-720x480.jpg\" data-srcset=\"https:\/\/www.invictus-event.com\/site\/wp-content\/uploads\/2022\/09\/3-seville-1-720x480.jpg 720w\" loading=\"eager\" style=\"--ratio: 720 \/ 480\" sizes=\"(max-width: 720px) 100vw, 720px\" alt=\"\"  width=\"720\" height=\"480\"  \/><\/a>\t<\/div>\n<\/div>\n\n\n<div class=\"post-entry-content\">\n\n\t<h3 class=\"entry-title\">\n\t\t<a href=\"https:\/\/www.invictus-event.com\/site\/seminaire-a-seville\/\" title=\"S\u00e9minaire, \u00e0 S\u00e9ville\" rel=\"bookmark\">S\u00e9minaire, \u00e0 S\u00e9ville<\/a>\n\t<\/h3>\n\n\t\n\t<div class=\"entry-excerpt\"><p>[vc_row gap=\u00a0\u00bb15&Prime;][vc_column css_animation=\u00a0\u00bbright-to-left\u00a0\u00bb width=\u00a0\u00bb2\/3&Prime;][\/vc_column][vc_column css_animation=\u00a0\u00bbleft-to-right\u00a0\u00bb width=\u00a0\u00bb1\/3&Prime;][vc_column_text]Date : du 31 mars au 3 avril 2022 Lieu : S\u00e9ville Client : Cabinet\u2026<\/p>\n<\/div>\n\t\n<\/div><\/article><article class=\"post post-2101 type-post status-publish format-standard has-post-thumbnail hentry category-non-classe-en category-12\" data-name=\"Congress in Cannes &#8211; January 2022\" data-date=\"2022-02-18T17:25:52+01:00\">\n\n<div class=\"post-thumbnail-wrap\">\n\t<div class=\"post-thumbnail\">\n\t\t\n\t\t\n\t\t<a href=\"https:\/\/www.invictus-event.com\/site\/en\/congress-in-cannes-january-2022\/\" class=\"post-thumbnail-rollover layzr-bg\" ><img decoding=\"async\" class=\"preload-me owl-lazy-load aspect\" src=\"data:image\/svg+xml,%3Csvg%20xmlns%3D&#39;http%3A%2F%2Fwww.w3.org%2F2000%2Fsvg&#39;%20viewBox%3D&#39;0%200%20768%20512&#39;%2F%3E\" data-src=\"https:\/\/www.invictus-event.com\/site\/wp-content\/uploads\/2022\/02\/IMG_eurojuris4-1-768x512.jpg\" data-srcset=\"https:\/\/www.invictus-event.com\/site\/wp-content\/uploads\/2022\/02\/IMG_eurojuris4-1-768x512.jpg 768w, https:\/\/www.invictus-event.com\/site\/wp-content\/uploads\/2022\/02\/IMG_eurojuris4-1-960x640.jpg 960w\" loading=\"eager\" style=\"--ratio: 768 \/ 512\" sizes=\"(max-width: 768px) 100vw, 768px\" alt=\"\"  width=\"768\" height=\"512\"  \/><\/a>\t<\/div>\n<\/div>\n\n\n<div class=\"post-entry-content\">\n\n\t<h3 class=\"entry-title\">\n\t\t<a href=\"https:\/\/www.invictus-event.com\/site\/en\/congress-in-cannes-january-2022\/\" title=\"Congress in Cannes &#8211; January 2022\" rel=\"bookmark\">Congress in Cannes &#8211; January 2022<\/a>\n\t<\/h3>\n\n\t\n\t<div class=\"entry-excerpt\"><p>[vc_row gap=\u00a0\u00bb15&Prime;][vc_column css_animation=\u00a0\u00bbright-to-left\u00a0\u00bb width=\u00a0\u00bb2\/3&Prime;][\/vc_column][vc_column css_animation=\u00a0\u00bbleft-to-right\u00a0\u00bb width=\u00a0\u00bb1\/3&Prime;][vc_column_text]Date: From the 27th to the 30th of January 2022 Location: Cannes Client:\u00a0Association of French\u2026<\/p>\n<\/div>\n\t\n<\/div><\/article><article class=\"post post-2098 type-post status-publish format-standard has-post-thumbnail hentry category-non-classe category-1\" data-name=\"Congr\u00e8s annuel \u00e0 Cannes &#8211; Janvier 2022\" data-date=\"2022-02-18T17:22:48+01:00\">\n\n<div class=\"post-thumbnail-wrap\">\n\t<div class=\"post-thumbnail\">\n\t\t\n\t\t\n\t\t<a href=\"https:\/\/www.invictus-event.com\/site\/congres-annuel-a-cannes-janvier-2022\/\" class=\"post-thumbnail-rollover layzr-bg\" ><img decoding=\"async\" class=\"preload-me owl-lazy-load aspect\" src=\"data:image\/svg+xml,%3Csvg%20xmlns%3D&#39;http%3A%2F%2Fwww.w3.org%2F2000%2Fsvg&#39;%20viewBox%3D&#39;0%200%20768%20512&#39;%2F%3E\" data-src=\"https:\/\/www.invictus-event.com\/site\/wp-content\/uploads\/2022\/02\/IMG_eurojuris4-768x512.jpg\" data-srcset=\"https:\/\/www.invictus-event.com\/site\/wp-content\/uploads\/2022\/02\/IMG_eurojuris4-768x512.jpg 768w, https:\/\/www.invictus-event.com\/site\/wp-content\/uploads\/2022\/02\/IMG_eurojuris4-960x640.jpg 960w\" loading=\"eager\" style=\"--ratio: 768 \/ 512\" sizes=\"(max-width: 768px) 100vw, 768px\" alt=\"\"  width=\"768\" height=\"512\"  \/><\/a>\t<\/div>\n<\/div>\n\n\n<div class=\"post-entry-content\">\n\n\t<h3 class=\"entry-title\">\n\t\t<a href=\"https:\/\/www.invictus-event.com\/site\/congres-annuel-a-cannes-janvier-2022\/\" title=\"Congr\u00e8s annuel \u00e0 Cannes &#8211; Janvier 2022\" rel=\"bookmark\">Congr\u00e8s annuel \u00e0 Cannes &#8211; Janvier 2022<\/a>\n\t<\/h3>\n\n\t\n\t<div class=\"entry-excerpt\"><p>[vc_row gap=\u00a0\u00bb15&Prime;][vc_column css_animation=\u00a0\u00bbright-to-left\u00a0\u00bb width=\u00a0\u00bb2\/3&Prime;][\/vc_column][vc_column css_animation=\u00a0\u00bbleft-to-right\u00a0\u00bb width=\u00a0\u00bb1\/3&Prime;][vc_column_text]Date : du 27 au 30 janvier 2022 Lieu : Cannes Client : Association d\u2019avocats\u2026<\/p>\n<\/div>\n\t\n<\/div><\/article><article class=\"post post-2087 type-post status-publish format-standard has-post-thumbnail hentry category-non-classe-en category-12\" data-name=\"General Assembly at hotel The Peninsula, Paris &#8211; 7th of December 2021\" data-date=\"2022-01-17T09:50:46+01:00\">\n\n<div class=\"post-thumbnail-wrap\">\n\t<div class=\"post-thumbnail\">\n\t\t\n\t\t\n\t\t<a href=\"https:\/\/www.invictus-event.com\/site\/en\/general-assembly-at-hotel-the-peninsula-paris-7th-of-december-2021\/\" class=\"post-thumbnail-rollover layzr-bg\" ><img decoding=\"async\" class=\"preload-me owl-lazy-load aspect\" src=\"data:image\/svg+xml,%3Csvg%20xmlns%3D&#39;http%3A%2F%2Fwww.w3.org%2F2000%2Fsvg&#39;%20viewBox%3D&#39;0%200%20720%20480&#39;%2F%3E\" data-src=\"https:\/\/www.invictus-event.com\/site\/wp-content\/uploads\/2022\/01\/peininsula-1-1-720x480.jpg\" data-srcset=\"https:\/\/www.invictus-event.com\/site\/wp-content\/uploads\/2022\/01\/peininsula-1-1-720x480.jpg 720w\" loading=\"eager\" style=\"--ratio: 720 \/ 480\" sizes=\"(max-width: 720px) 100vw, 720px\" alt=\"\"  width=\"720\" height=\"480\"  \/><\/a>\t<\/div>\n<\/div>\n\n\n<div class=\"post-entry-content\">\n\n\t<h3 class=\"entry-title\">\n\t\t<a href=\"https:\/\/www.invictus-event.com\/site\/en\/general-assembly-at-hotel-the-peninsula-paris-7th-of-december-2021\/\" title=\"General Assembly at hotel The Peninsula, Paris &#8211; 7th of December 2021\" rel=\"bookmark\">General Assembly at hotel The Peninsula, Paris &#8211; 7th of December 2021<\/a>\n\t<\/h3>\n\n\t\n\t<div class=\"entry-excerpt\"><p>[vc_row gap=\u00a0\u00bb15&Prime;][vc_column css_animation=\u00a0\u00bbright-to-left\u00a0\u00bb width=\u00a0\u00bb2\/3&Prime;][\/vc_column][vc_column css_animation=\u00a0\u00bbleft-to-right\u00a0\u00bb width=\u00a0\u00bb1\/3&Prime;][vc_column_text]Date : 7th of December 2021 Lieu : Paris \u2013 Hotel The Peninsula Client :\u2026<\/p>\n<\/div>\n\t\n<\/div><\/article><article class=\"post post-2084 type-post status-publish format-standard has-post-thumbnail hentry category-non-classe category-1\" data-name=\"Assembl\u00e9e G\u00e9n\u00e9rale au Peninsula Paris &#8211; 7 d\u00e9cembre 2021\" data-date=\"2022-01-17T09:41:27+01:00\">\n\n<div class=\"post-thumbnail-wrap\">\n\t<div class=\"post-thumbnail\">\n\t\t\n\t\t\n\t\t<a href=\"https:\/\/www.invictus-event.com\/site\/assemblee-generale-au-peninsula-paris-7-decembre-2021\/\" class=\"post-thumbnail-rollover layzr-bg\" ><img decoding=\"async\" class=\"preload-me owl-lazy-load aspect\" src=\"data:image\/svg+xml,%3Csvg%20xmlns%3D&#39;http%3A%2F%2Fwww.w3.org%2F2000%2Fsvg&#39;%20viewBox%3D&#39;0%200%20720%20480&#39;%2F%3E\" data-src=\"https:\/\/www.invictus-event.com\/site\/wp-content\/uploads\/2022\/01\/peininsula-1-720x480.jpg\" data-srcset=\"https:\/\/www.invictus-event.com\/site\/wp-content\/uploads\/2022\/01\/peininsula-1-720x480.jpg 720w\" loading=\"eager\" style=\"--ratio: 720 \/ 480\" sizes=\"(max-width: 720px) 100vw, 720px\" alt=\"\"  width=\"720\" height=\"480\"  \/><\/a>\t<\/div>\n<\/div>\n\n\n<div class=\"post-entry-content\">\n\n\t<h3 class=\"entry-title\">\n\t\t<a href=\"https:\/\/www.invictus-event.com\/site\/assemblee-generale-au-peninsula-paris-7-decembre-2021\/\" title=\"Assembl\u00e9e G\u00e9n\u00e9rale au Peninsula Paris &#8211; 7 d\u00e9cembre 2021\" rel=\"bookmark\">Assembl\u00e9e G\u00e9n\u00e9rale au Peninsula Paris &#8211; 7 d\u00e9cembre 2021<\/a>\n\t<\/h3>\n\n\t\n\t<div class=\"entry-excerpt\"><p>[vc_row gap=\u00a0\u00bb15&Prime;][vc_column css_animation=\u00a0\u00bbright-to-left\u00a0\u00bb width=\u00a0\u00bb2\/3&Prime;][\/vc_column][vc_column css_animation=\u00a0\u00bbleft-to-right\u00a0\u00bb width=\u00a0\u00bb1\/3&Prime;][vc_column_text]Date : 7 d\u00e9cembre 2021 Lieu : Paris \u2013 H\u00f4tel The Peninsula Client : Soci\u00e9t\u00e9\u2026<\/p>\n<\/div>\n\t\n<\/div><\/article><article class=\"post post-2050 type-post status-publish format-standard has-post-thumbnail hentry category-non-classe category-1\" data-name=\"Conf\u00e9rence annuelle \u00e0 Amsterdam &#8211; Novembre 2021\" data-date=\"2021-11-17T11:41:56+01:00\">\n\n<div class=\"post-thumbnail-wrap\">\n\t<div class=\"post-thumbnail\">\n\t\t\n\t\t\n\t\t<a href=\"https:\/\/www.invictus-event.com\/site\/conference-annuelle-a-amsterdam-novembre-2021\/\" class=\"post-thumbnail-rollover layzr-bg\" ><img decoding=\"async\" class=\"preload-me owl-lazy-load aspect\" src=\"data:image\/svg+xml,%3Csvg%20xmlns%3D&#39;http%3A%2F%2Fwww.w3.org%2F2000%2Fsvg&#39;%20viewBox%3D&#39;0%200%20720%20480&#39;%2F%3E\" data-src=\"https:\/\/www.invictus-event.com\/site\/wp-content\/uploads\/2021\/11\/europur2_web-720x480.jpg\" data-srcset=\"https:\/\/www.invictus-event.com\/site\/wp-content\/uploads\/2021\/11\/europur2_web-720x480.jpg 720w\" loading=\"eager\" style=\"--ratio: 720 \/ 480\" sizes=\"(max-width: 720px) 100vw, 720px\" alt=\"\"  width=\"720\" height=\"480\"  \/><\/a>\t<\/div>\n<\/div>\n\n\n<div class=\"post-entry-content\">\n\n\t<h3 class=\"entry-title\">\n\t\t<a href=\"https:\/\/www.invictus-event.com\/site\/conference-annuelle-a-amsterdam-novembre-2021\/\" title=\"Conf\u00e9rence annuelle \u00e0 Amsterdam &#8211; Novembre 2021\" rel=\"bookmark\">Conf\u00e9rence annuelle \u00e0 Amsterdam &#8211; Novembre 2021<\/a>\n\t<\/h3>\n\n\t\n\t<div class=\"entry-excerpt\"><p>[vc_row gap=\u00a0\u00bb15&Prime;][vc_column css_animation=\u00a0\u00bbright-to-left\u00a0\u00bb width=\u00a0\u00bb2\/3&Prime;][\/vc_column][vc_column css_animation=\u00a0\u00bbleft-to-right\u00a0\u00bb width=\u00a0\u00bb1\/3&Prime;][vc_column_text]Date : Du 2 au 4 novembre 2021 Lieu : Amsterdam, Pays-Bas Client : Association\u2026<\/p>\n<\/div>\n\t\n<\/div><\/article><article class=\"post post-2053 type-post status-publish format-standard has-post-thumbnail hentry category-non-classe-en category-12\" data-name=\"Annual conference in Amsterdam &#8211; November 2021\" data-date=\"2021-11-17T11:41:53+01:00\">\n\n<div class=\"post-thumbnail-wrap\">\n\t<div class=\"post-thumbnail\">\n\t\t\n\t\t\n\t\t<a href=\"https:\/\/www.invictus-event.com\/site\/en\/annual-conference-in-amsterdam-november-2021\/\" class=\"post-thumbnail-rollover layzr-bg\" ><img decoding=\"async\" class=\"preload-me owl-lazy-load aspect\" src=\"data:image\/svg+xml,%3Csvg%20xmlns%3D&#39;http%3A%2F%2Fwww.w3.org%2F2000%2Fsvg&#39;%20viewBox%3D&#39;0%200%20720%20480&#39;%2F%3E\" data-src=\"https:\/\/www.invictus-event.com\/site\/wp-content\/uploads\/2021\/11\/europur1_web-1-720x480.jpg\" data-srcset=\"https:\/\/www.invictus-event.com\/site\/wp-content\/uploads\/2021\/11\/europur1_web-1-720x480.jpg 720w\" loading=\"eager\" style=\"--ratio: 720 \/ 480\" sizes=\"(max-width: 720px) 100vw, 720px\" alt=\"\"  width=\"720\" height=\"480\"  \/><\/a>\t<\/div>\n<\/div>\n\n\n<div class=\"post-entry-content\">\n\n\t<h3 class=\"entry-title\">\n\t\t<a href=\"https:\/\/www.invictus-event.com\/site\/en\/annual-conference-in-amsterdam-november-2021\/\" title=\"Annual conference in Amsterdam &#8211; November 2021\" rel=\"bookmark\">Annual conference in Amsterdam &#8211; November 2021<\/a>\n\t<\/h3>\n\n\t\n\t<div class=\"entry-excerpt\"><p>[vc_row gap=\u00a0\u00bb15&Prime;][vc_column css_animation=\u00a0\u00bbright-to-left\u00a0\u00bb width=\u00a0\u00bb2\/3&Prime;][\/vc_column][vc_column css_animation=\u00a0\u00bbleft-to-right\u00a0\u00bb width=\u00a0\u00bb1\/3&Prime;][vc_column_text]Date : 2nd to 4th of November 2021 Location : Amsterdam, Netherlands Client : Association\u2026<\/p>\n<\/div>\n\t\n<\/div><\/article><article class=\"post post-1938 type-post status-publish format-standard has-post-thumbnail hentry category-non-classe category-1\" data-name=\"Conf\u00e9rence Annuelle \u00e0 Paris &#8211; Octobre 2021\" data-date=\"2021-11-08T09:07:38+01:00\">\n\n<div class=\"post-thumbnail-wrap\">\n\t<div class=\"post-thumbnail\">\n\t\t\n\t\t\n\t\t<a href=\"https:\/\/www.invictus-event.com\/site\/conference-annuelle-a-paris-octobre-2021\/\" class=\"post-thumbnail-rollover layzr-bg\" ><img decoding=\"async\" class=\"preload-me owl-lazy-load aspect\" src=\"data:image\/svg+xml,%3Csvg%20xmlns%3D&#39;http%3A%2F%2Fwww.w3.org%2F2000%2Fsvg&#39;%20viewBox%3D&#39;0%200%20720%20480&#39;%2F%3E\" data-src=\"https:\/\/www.invictus-event.com\/site\/wp-content\/uploads\/2021\/11\/conference-paris_1-720x480.jpg\" data-srcset=\"https:\/\/www.invictus-event.com\/site\/wp-content\/uploads\/2021\/11\/conference-paris_1-720x480.jpg 720w\" loading=\"eager\" style=\"--ratio: 720 \/ 480\" sizes=\"(max-width: 720px) 100vw, 720px\" alt=\"\"  width=\"720\" height=\"480\"  \/><\/a>\t<\/div>\n<\/div>\n\n\n<div class=\"post-entry-content\">\n\n\t<h3 class=\"entry-title\">\n\t\t<a href=\"https:\/\/www.invictus-event.com\/site\/conference-annuelle-a-paris-octobre-2021\/\" title=\"Conf\u00e9rence Annuelle \u00e0 Paris &#8211; Octobre 2021\" rel=\"bookmark\">Conf\u00e9rence Annuelle \u00e0 Paris &#8211; Octobre 2021<\/a>\n\t<\/h3>\n\n\t\n\t<div class=\"entry-excerpt\"><p>[vc_row gap=\u00a0\u00bb15&Prime;][vc_column css_animation=\u00a0\u00bbright-to-left\u00a0\u00bb width=\u00a0\u00bb2\/3&Prime;][\/vc_column][vc_column css_animation=\u00a0\u00bbleft-to-right\u00a0\u00bb width=\u00a0\u00bb1\/3&Prime;][vc_column_text]Date : 14 octobre 2021 Lieu : Paris \u2013 H\u00f4tel Marriott les Champs \u00c9lys\u00e9es Client\u2026<\/p>\n<\/div>\n\t\n<\/div><\/article><article class=\"post post-1941 type-post status-publish format-standard has-post-thumbnail hentry category-non-classe-en category-12\" data-name=\"Annual conference in Paris &#8211; October 2021\" data-date=\"2021-11-08T09:07:36+01:00\">\n\n<div class=\"post-thumbnail-wrap\">\n\t<div class=\"post-thumbnail\">\n\t\t\n\t\t\n\t\t<a href=\"https:\/\/www.invictus-event.com\/site\/en\/annual-conference-in-paris-october-2021\/\" class=\"post-thumbnail-rollover layzr-bg\" ><img decoding=\"async\" class=\"preload-me owl-lazy-load aspect\" src=\"data:image\/svg+xml,%3Csvg%20xmlns%3D&#39;http%3A%2F%2Fwww.w3.org%2F2000%2Fsvg&#39;%20viewBox%3D&#39;0%200%20720%20480&#39;%2F%3E\" data-src=\"https:\/\/www.invictus-event.com\/site\/wp-content\/uploads\/2021\/11\/conference-paris_1-1-720x480.jpg\" data-srcset=\"https:\/\/www.invictus-event.com\/site\/wp-content\/uploads\/2021\/11\/conference-paris_1-1-720x480.jpg 720w\" loading=\"eager\" style=\"--ratio: 720 \/ 480\" sizes=\"(max-width: 720px) 100vw, 720px\" alt=\"\"  width=\"720\" height=\"480\"  \/><\/a>\t<\/div>\n<\/div>\n\n\n<div class=\"post-entry-content\">\n\n\t<h3 class=\"entry-title\">\n\t\t<a href=\"https:\/\/www.invictus-event.com\/site\/en\/annual-conference-in-paris-october-2021\/\" title=\"Annual conference in Paris &#8211; October 2021\" rel=\"bookmark\">Annual conference in Paris &#8211; October 2021<\/a>\n\t<\/h3>\n\n\t\n\t<div class=\"entry-excerpt\"><p>[vc_row gap=\u00a0\u00bb15&Prime;][vc_column css_animation=\u00a0\u00bbright-to-left\u00a0\u00bb width=\u00a0\u00bb2\/3&Prime;][\/vc_column][vc_column css_animation=\u00a0\u00bbleft-to-right\u00a0\u00bb width=\u00a0\u00bb1\/3&Prime;][vc_column_text]Date: 14th of October 2021 Location: Paris \u2013 Marriott les Champs \u00c9lys\u00e9es Hotel Client:\u00a0Consulting company,\u2026<\/p>\n<\/div>\n\t\n<\/div><\/article><article class=\"post post-1860 type-post status-publish format-standard has-post-thumbnail hentry category-non-classe category-1\" data-name=\"Congr\u00e8s annuel \u00e0 Bordeaux\" data-date=\"2021-11-08T09:06:50+01:00\">\n\n<div class=\"post-thumbnail-wrap\">\n\t<div class=\"post-thumbnail\">\n\t\t\n\t\t\n\t\t<a href=\"https:\/\/www.invictus-event.com\/site\/congres-annuel-a-bordeaux\/\" class=\"post-thumbnail-rollover layzr-bg\" ><img decoding=\"async\" class=\"preload-me owl-lazy-load aspect\" src=\"data:image\/svg+xml,%3Csvg%20xmlns%3D&#39;http%3A%2F%2Fwww.w3.org%2F2000%2Fsvg&#39;%20viewBox%3D&#39;0%200%20720%20480&#39;%2F%3E\" data-src=\"https:\/\/www.invictus-event.com\/site\/wp-content\/uploads\/2021\/11\/congres-bordeaux-3-720x480.jpg\" data-srcset=\"https:\/\/www.invictus-event.com\/site\/wp-content\/uploads\/2021\/11\/congres-bordeaux-3-720x480.jpg 720w\" loading=\"eager\" style=\"--ratio: 720 \/ 480\" sizes=\"(max-width: 720px) 100vw, 720px\" alt=\"\"  width=\"720\" height=\"480\"  \/><\/a>\t<\/div>\n<\/div>\n\n\n<div class=\"post-entry-content\">\n\n\t<h3 class=\"entry-title\">\n\t\t<a href=\"https:\/\/www.invictus-event.com\/site\/congres-annuel-a-bordeaux\/\" title=\"Congr\u00e8s annuel \u00e0 Bordeaux\" rel=\"bookmark\">Congr\u00e8s annuel \u00e0 Bordeaux<\/a>\n\t<\/h3>\n\n\t\n\t<div class=\"entry-excerpt\"><p>[vc_row gap=\u00a0\u00bb15&Prime;][vc_column css_animation=\u00a0\u00bbright-to-left\u00a0\u00bb width=\u00a0\u00bb2\/3&Prime;][\/vc_column][vc_column css_animation=\u00a0\u00bbleft-to-right\u00a0\u00bb width=\u00a0\u00bb1\/3&Prime;][vc_column_text]Date : du 30 septembre au 2 octobre 2021 Lieu : Bordeaux Client :\u00a0Amicale d\u2019experts\u2026<\/p>\n<\/div>\n\t\n<\/div><\/article><article class=\"post post-1878 type-post status-publish format-standard has-post-thumbnail hentry category-non-classe-en category-12\" data-name=\"Annual congress in Bordeaux\" data-date=\"2021-11-08T09:06:48+01:00\">\n\n<div class=\"post-thumbnail-wrap\">\n\t<div class=\"post-thumbnail\">\n\t\t\n\t\t\n\t\t<a href=\"https:\/\/www.invictus-event.com\/site\/en\/annual-congress-in-bordeaux\/\" class=\"post-thumbnail-rollover layzr-bg\" ><img decoding=\"async\" class=\"preload-me owl-lazy-load aspect\" src=\"data:image\/svg+xml,%3Csvg%20xmlns%3D&#39;http%3A%2F%2Fwww.w3.org%2F2000%2Fsvg&#39;%20viewBox%3D&#39;0%200%20720%20480&#39;%2F%3E\" data-src=\"https:\/\/www.invictus-event.com\/site\/wp-content\/uploads\/2021\/11\/congres-bordeaux-3-1-720x480.jpg\" data-srcset=\"https:\/\/www.invictus-event.com\/site\/wp-content\/uploads\/2021\/11\/congres-bordeaux-3-1-720x480.jpg 720w\" loading=\"eager\" style=\"--ratio: 720 \/ 480\" sizes=\"(max-width: 720px) 100vw, 720px\" alt=\"\"  width=\"720\" height=\"480\"  \/><\/a>\t<\/div>\n<\/div>\n\n\n<div class=\"post-entry-content\">\n\n\t<h3 class=\"entry-title\">\n\t\t<a href=\"https:\/\/www.invictus-event.com\/site\/en\/annual-congress-in-bordeaux\/\" title=\"Annual congress in Bordeaux\" rel=\"bookmark\">Annual congress in Bordeaux<\/a>\n\t<\/h3>\n\n\t\n\t<div class=\"entry-excerpt\"><p>[vc_row gap=\u00a0\u00bb15&Prime;][vc_column css_animation=\u00a0\u00bbright-to-left\u00a0\u00bb width=\u00a0\u00bb2\/3&Prime;][\/vc_column][vc_column css_animation=\u00a0\u00bbleft-to-right\u00a0\u00bb width=\u00a0\u00bb1\/3&Prime;][vc_column_text]Date: From the 30th of September to the 2nd of October 2021 Location: Bordeaux Client:\u00a0Association\u2026<\/p>\n<\/div>\n\t\n<\/div><\/article><article class=\"post post-1919 type-post status-publish format-standard has-post-thumbnail hentry category-non-classe category-1\" data-name=\"S\u00e9minaire annuel sur les quais lyonnais\" data-date=\"2021-11-08T09:05:42+01:00\">\n\n<div class=\"post-thumbnail-wrap\">\n\t<div class=\"post-thumbnail\">\n\t\t\n\t\t\n\t\t<a href=\"https:\/\/www.invictus-event.com\/site\/seminaire-annuel-sur-les-quais-lyonnais\/\" class=\"post-thumbnail-rollover layzr-bg\" ><img decoding=\"async\" class=\"preload-me owl-lazy-load aspect\" src=\"data:image\/svg+xml,%3Csvg%20xmlns%3D&#39;http%3A%2F%2Fwww.w3.org%2F2000%2Fsvg&#39;%20viewBox%3D&#39;0%200%20720%20480&#39;%2F%3E\" data-src=\"https:\/\/www.invictus-event.com\/site\/wp-content\/uploads\/2021\/11\/seminaire-quais-lyonnais_0-720x480.jpg\" data-srcset=\"https:\/\/www.invictus-event.com\/site\/wp-content\/uploads\/2021\/11\/seminaire-quais-lyonnais_0-720x480.jpg 720w\" loading=\"eager\" style=\"--ratio: 720 \/ 480\" sizes=\"(max-width: 720px) 100vw, 720px\" alt=\"\"  width=\"720\" height=\"480\"  \/><\/a>\t<\/div>\n<\/div>\n\n\n<div class=\"post-entry-content\">\n\n\t<h3 class=\"entry-title\">\n\t\t<a href=\"https:\/\/www.invictus-event.com\/site\/seminaire-annuel-sur-les-quais-lyonnais\/\" title=\"S\u00e9minaire annuel sur les quais lyonnais\" rel=\"bookmark\">S\u00e9minaire annuel sur les quais lyonnais<\/a>\n\t<\/h3>\n\n\t\n\t<div class=\"entry-excerpt\"><p>[vc_row gap=\u00a0\u00bb15&Prime;][vc_column css_animation=\u00a0\u00bbright-to-left\u00a0\u00bb width=\u00a0\u00bb2\/3&Prime;][\/vc_column][vc_column css_animation=\u00a0\u00bbleft-to-right\u00a0\u00bb width=\u00a0\u00bb1\/3&Prime;][vc_column_text]Date\u00a0: du 30 septembre au 1er octobre 2021 Lieu\u00a0: Lyon Client\u00a0: Acteur majeur de l\u2019am\u00e9nagement\u2026<\/p>\n<\/div>\n\t\n<\/div><\/article><article class=\"post post-1923 type-post status-publish format-standard has-post-thumbnail hentry category-non-classe-en category-12\" data-name=\"Annual seminar on the docks in Lyon\" data-date=\"2021-11-08T09:05:40+01:00\">\n\n<div class=\"post-thumbnail-wrap\">\n\t<div class=\"post-thumbnail\">\n\t\t\n\t\t\n\t\t<a href=\"https:\/\/www.invictus-event.com\/site\/en\/annual-seminar-on-the-docks-in-lyon\/\" class=\"post-thumbnail-rollover layzr-bg\" ><img decoding=\"async\" class=\"preload-me owl-lazy-load aspect\" src=\"data:image\/svg+xml,%3Csvg%20xmlns%3D&#39;http%3A%2F%2Fwww.w3.org%2F2000%2Fsvg&#39;%20viewBox%3D&#39;0%200%20720%20480&#39;%2F%3E\" data-src=\"https:\/\/www.invictus-event.com\/site\/wp-content\/uploads\/2021\/11\/seminaire-quais-lyonnais_0-1-720x480.jpg\" data-srcset=\"https:\/\/www.invictus-event.com\/site\/wp-content\/uploads\/2021\/11\/seminaire-quais-lyonnais_0-1-720x480.jpg 720w\" loading=\"eager\" style=\"--ratio: 720 \/ 480\" sizes=\"(max-width: 720px) 100vw, 720px\" alt=\"\"  width=\"720\" height=\"480\"  \/><\/a>\t<\/div>\n<\/div>\n\n\n<div class=\"post-entry-content\">\n\n\t<h3 class=\"entry-title\">\n\t\t<a href=\"https:\/\/www.invictus-event.com\/site\/en\/annual-seminar-on-the-docks-in-lyon\/\" title=\"Annual seminar on the docks in Lyon\" rel=\"bookmark\">Annual seminar on the docks in Lyon<\/a>\n\t<\/h3>\n\n\t\n\t<div class=\"entry-excerpt\"><p>[vc_row gap=\u00a0\u00bb15&Prime;][vc_column css_animation=\u00a0\u00bbright-to-left\u00a0\u00bb width=\u00a0\u00bb2\/3&Prime;][\/vc_column][vc_column css_animation=\u00a0\u00bbleft-to-right\u00a0\u00bb width=\u00a0\u00bb1\/3&Prime;][vc_column_text]Date: From the 30th of September to the 1st of October 2021 Location: Lyon Client:\u2026<\/p>\n<\/div>\n\t\n<\/div><\/article><article class=\"post post-1991 type-post status-publish format-standard has-post-thumbnail hentry category-non-classe-en category-12\" data-name=\"Seminar in Bordeaux area &#8211; September 2021\" data-date=\"2021-11-08T09:04:43+01:00\">\n\n<div class=\"post-thumbnail-wrap\">\n\t<div class=\"post-thumbnail\">\n\t\t\n\t\t\n\t\t<a href=\"https:\/\/www.invictus-event.com\/site\/en\/seminar-in-bordeaux-area-september-2021\/\" class=\"post-thumbnail-rollover layzr-bg\" ><img decoding=\"async\" class=\"preload-me owl-lazy-load aspect\" src=\"data:image\/svg+xml,%3Csvg%20xmlns%3D&#39;http%3A%2F%2Fwww.w3.org%2F2000%2Fsvg&#39;%20viewBox%3D&#39;0%200%20720%20480&#39;%2F%3E\" data-src=\"https:\/\/www.invictus-event.com\/site\/wp-content\/uploads\/2021\/11\/seminaire-bordeaux-septembre_1-1-720x480.jpg\" data-srcset=\"https:\/\/www.invictus-event.com\/site\/wp-content\/uploads\/2021\/11\/seminaire-bordeaux-septembre_1-1-720x480.jpg 720w\" loading=\"eager\" style=\"--ratio: 720 \/ 480\" sizes=\"(max-width: 720px) 100vw, 720px\" alt=\"\"  width=\"720\" height=\"480\"  \/><\/a>\t<\/div>\n<\/div>\n\n\n<div class=\"post-entry-content\">\n\n\t<h3 class=\"entry-title\">\n\t\t<a href=\"https:\/\/www.invictus-event.com\/site\/en\/seminar-in-bordeaux-area-september-2021\/\" title=\"Seminar in Bordeaux area &#8211; September 2021\" rel=\"bookmark\">Seminar in Bordeaux area &#8211; September 2021<\/a>\n\t<\/h3>\n\n\t\n\t<div class=\"entry-excerpt\"><p>[vc_row gap=\u00a0\u00bb15&Prime;][vc_column css_animation=\u00a0\u00bbright-to-left\u00a0\u00bb width=\u00a0\u00bb2\/3&Prime;][\/vc_column][vc_column css_animation=\u00a0\u00bbleft-to-right\u00a0\u00bb width=\u00a0\u00bb1\/3&Prime;][vc_column_text]Dates: 29th and 30th of September 2021 Location: Bordeaux Client:\u00a0Insurance company experts, 45 people Package:\u2026<\/p>\n<\/div>\n\t\n<\/div><\/article><article class=\"post post-1988 type-post status-publish format-standard has-post-thumbnail hentry category-non-classe category-1\" data-name=\"S\u00e9minaire dans la r\u00e9gion de Bordeaux &#8211; Septembre 2021\" data-date=\"2021-11-08T09:04:09+01:00\">\n\n<div class=\"post-thumbnail-wrap\">\n\t<div class=\"post-thumbnail\">\n\t\t\n\t\t\n\t\t<a href=\"https:\/\/www.invictus-event.com\/site\/seminaire-dans-la-region-de-bordeaux-septembre-2021\/\" class=\"post-thumbnail-rollover layzr-bg\" ><img decoding=\"async\" class=\"preload-me owl-lazy-load aspect\" src=\"data:image\/svg+xml,%3Csvg%20xmlns%3D&#39;http%3A%2F%2Fwww.w3.org%2F2000%2Fsvg&#39;%20viewBox%3D&#39;0%200%20720%20480&#39;%2F%3E\" data-src=\"https:\/\/www.invictus-event.com\/site\/wp-content\/uploads\/2021\/11\/seminaire-bordeaux-septembre_1-720x480.jpg\" data-srcset=\"https:\/\/www.invictus-event.com\/site\/wp-content\/uploads\/2021\/11\/seminaire-bordeaux-septembre_1-720x480.jpg 720w\" loading=\"eager\" style=\"--ratio: 720 \/ 480\" sizes=\"(max-width: 720px) 100vw, 720px\" alt=\"\"  width=\"720\" height=\"480\"  \/><\/a>\t<\/div>\n<\/div>\n\n\n<div class=\"post-entry-content\">\n\n\t<h3 class=\"entry-title\">\n\t\t<a href=\"https:\/\/www.invictus-event.com\/site\/seminaire-dans-la-region-de-bordeaux-septembre-2021\/\" title=\"S\u00e9minaire dans la r\u00e9gion de Bordeaux &#8211; Septembre 2021\" rel=\"bookmark\">S\u00e9minaire dans la r\u00e9gion de Bordeaux &#8211; Septembre 2021<\/a>\n\t<\/h3>\n\n\t\n\t<div class=\"entry-excerpt\"><p>[vc_row gap=\u00a0\u00bb15&Prime;][vc_column css_animation=\u00a0\u00bbright-to-left\u00a0\u00bb width=\u00a0\u00bb2\/3&Prime;][\/vc_column][vc_column css_animation=\u00a0\u00bbleft-to-right\u00a0\u00bb width=\u00a0\u00bb1\/3&Prime;][vc_column_text]Dates : du 29 et 30 septembre 2021 Lieu : Bordeaux Client :\u00a0Groupement d\u2019experts en\u2026<\/p>\n<\/div>\n\t\n<\/div><\/article><\/div>[\/vc_column][\/vc_row]<\/p>\n<\/div>","protected":false},"excerpt":{"rendered":"<p>[vc_row][vc_column width=\u00a0\u00bb1\/4&Prime;][vc_single_image image=\u00a0\u00bb297&Prime; img_size=\u00a0\u00bbfull\u00a0\u00bb][\/vc_column][vc_column width=\u00a0\u00bb3\/4&Prime;][vc_column_text]SOIREE DE FIN D\u2019ANNEE Date : 18 d\u00e9cembre 2013 Lieu : Si\u00e8ge de l\u2019entreprise concern\u00e9e Client: Equipement industriel Format: Une demi-journ\u00e9e \u2013 180 personnes, enfants et parents Soir\u00e9e de fin d\u2019ann\u00e9e dans le showroom du si\u00e8ge de la soci\u00e9t\u00e9 sur le th\u00e8me du Cirque. Nombreuses animations et th\u00e9matique traiteur autour du&hellip;<\/p>\n","protected":false},"author":1,"featured_media":475,"comment_status":"closed","ping_status":"closed","sticky":false,"template":"","format":"standard","meta":{"footnotes":""},"categories":[1],"tags":[],"class_list":["post-74","post","type-post","status-publish","format-standard","has-post-thumbnail","hentry","category-non-classe","category-1","description-off"],"yoast_head":"<!-- This site is optimized with the Yoast SEO plugin v27.5 - https:\/\/yoast.com\/product\/yoast-seo-wordpress\/ -->\n<title>Ev\u00e9nements 2013 - Invictus Corporate Events - Agence \u00e9v\u00e9nementielle \u00e0 Paris<\/title>\n<meta name=\"robots\" content=\"index, follow, max-snippet:-1, max-image-preview:large, max-video-preview:-1\" \/>\n<link rel=\"canonical\" href=\"https:\/\/www.invictus-event.com\/site\/nos-organisations-devenements-en-2013\/\" \/>\n<meta property=\"og:locale\" content=\"fr_FR\" \/>\n<meta property=\"og:type\" content=\"article\" \/>\n<meta property=\"og:title\" content=\"Ev\u00e9nements 2013 - Invictus Corporate Events - Agence \u00e9v\u00e9nementielle \u00e0 Paris\" \/>\n<meta property=\"og:description\" content=\"[vc_row][vc_column width=\u00a0\u00bb1\/4&Prime;][vc_single_image image=\u00a0\u00bb297&Prime; img_size=\u00a0\u00bbfull\u00a0\u00bb][\/vc_column][vc_column width=\u00a0\u00bb3\/4&Prime;][vc_column_text]SOIREE DE FIN D\u2019ANNEE Date : 18 d\u00e9cembre 2013 Lieu : Si\u00e8ge de l\u2019entreprise concern\u00e9e Client: Equipement industriel Format: Une demi-journ\u00e9e \u2013 180 personnes, enfants et parents Soir\u00e9e de fin d\u2019ann\u00e9e dans le showroom du si\u00e8ge de la soci\u00e9t\u00e9 sur le th\u00e8me du Cirque. Nombreuses animations et th\u00e9matique traiteur autour du&hellip;\" \/>\n<meta property=\"og:url\" content=\"https:\/\/www.invictus-event.com\/site\/nos-organisations-devenements-en-2013\/\" \/>\n<meta property=\"og:site_name\" content=\"Invictus Corporate Events - Agence \u00e9v\u00e9nementielle \u00e0 Paris\" \/>\n<meta property=\"article:published_time\" content=\"2018-02-21T15:40:54+00:00\" \/>\n<meta property=\"article:modified_time\" content=\"2019-02-12T10:31:04+00:00\" \/>\n<meta property=\"og:image\" content=\"https:\/\/www.invictus-event.com\/site\/wp-content\/uploads\/2018\/02\/web-Chateau-Amboise-juin-2013-1.jpg\" \/>\n\t<meta property=\"og:image:width\" content=\"500\" \/>\n\t<meta property=\"og:image:height\" content=\"365\" \/>\n\t<meta property=\"og:image:type\" content=\"image\/jpeg\" \/>\n<meta name=\"author\" content=\"fg-web\" \/>\n<meta name=\"twitter:card\" content=\"summary_large_image\" \/>\n<meta name=\"twitter:label1\" content=\"\u00c9crit par\" \/>\n\t<meta name=\"twitter:data1\" content=\"fg-web\" \/>\n\t<meta name=\"twitter:label2\" content=\"Dur\u00e9e de lecture estim\u00e9e\" \/>\n\t<meta name=\"twitter:data2\" content=\"12 minutes\" \/>\n<script type=\"application\/ld+json\" class=\"yoast-schema-graph\">{\"@context\":\"https:\\\/\\\/schema.org\",\"@graph\":[{\"@type\":\"Article\",\"@id\":\"https:\\\/\\\/www.invictus-event.com\\\/site\\\/nos-organisations-devenements-en-2013\\\/#article\",\"isPartOf\":{\"@id\":\"https:\\\/\\\/www.invictus-event.com\\\/site\\\/nos-organisations-devenements-en-2013\\\/\"},\"author\":{\"name\":\"fg-web\",\"@id\":\"https:\\\/\\\/www.invictus-event.com\\\/site\\\/#\\\/schema\\\/person\\\/07c4bc459df10ac71fad1815ee2a3c46\"},\"headline\":\"Ev\u00e9nements 2013\",\"datePublished\":\"2018-02-21T15:40:54+00:00\",\"dateModified\":\"2019-02-12T10:31:04+00:00\",\"mainEntityOfPage\":{\"@id\":\"https:\\\/\\\/www.invictus-event.com\\\/site\\\/nos-organisations-devenements-en-2013\\\/\"},\"wordCount\":2443,\"image\":{\"@id\":\"https:\\\/\\\/www.invictus-event.com\\\/site\\\/nos-organisations-devenements-en-2013\\\/#primaryimage\"},\"thumbnailUrl\":\"https:\\\/\\\/www.invictus-event.com\\\/site\\\/wp-content\\\/uploads\\\/2018\\\/02\\\/web-Chateau-Amboise-juin-2013-1.jpg\",\"inLanguage\":\"fr-FR\"},{\"@type\":\"WebPage\",\"@id\":\"https:\\\/\\\/www.invictus-event.com\\\/site\\\/nos-organisations-devenements-en-2013\\\/\",\"url\":\"https:\\\/\\\/www.invictus-event.com\\\/site\\\/nos-organisations-devenements-en-2013\\\/\",\"name\":\"Ev\u00e9nements 2013 - Invictus Corporate Events - Agence \u00e9v\u00e9nementielle \u00e0 Paris\",\"isPartOf\":{\"@id\":\"https:\\\/\\\/www.invictus-event.com\\\/site\\\/#website\"},\"primaryImageOfPage\":{\"@id\":\"https:\\\/\\\/www.invictus-event.com\\\/site\\\/nos-organisations-devenements-en-2013\\\/#primaryimage\"},\"image\":{\"@id\":\"https:\\\/\\\/www.invictus-event.com\\\/site\\\/nos-organisations-devenements-en-2013\\\/#primaryimage\"},\"thumbnailUrl\":\"https:\\\/\\\/www.invictus-event.com\\\/site\\\/wp-content\\\/uploads\\\/2018\\\/02\\\/web-Chateau-Amboise-juin-2013-1.jpg\",\"datePublished\":\"2018-02-21T15:40:54+00:00\",\"dateModified\":\"2019-02-12T10:31:04+00:00\",\"author\":{\"@id\":\"https:\\\/\\\/www.invictus-event.com\\\/site\\\/#\\\/schema\\\/person\\\/07c4bc459df10ac71fad1815ee2a3c46\"},\"breadcrumb\":{\"@id\":\"https:\\\/\\\/www.invictus-event.com\\\/site\\\/nos-organisations-devenements-en-2013\\\/#breadcrumb\"},\"inLanguage\":\"fr-FR\",\"potentialAction\":[{\"@type\":\"ReadAction\",\"target\":[\"https:\\\/\\\/www.invictus-event.com\\\/site\\\/nos-organisations-devenements-en-2013\\\/\"]}]},{\"@type\":\"ImageObject\",\"inLanguage\":\"fr-FR\",\"@id\":\"https:\\\/\\\/www.invictus-event.com\\\/site\\\/nos-organisations-devenements-en-2013\\\/#primaryimage\",\"url\":\"https:\\\/\\\/www.invictus-event.com\\\/site\\\/wp-content\\\/uploads\\\/2018\\\/02\\\/web-Chateau-Amboise-juin-2013-1.jpg\",\"contentUrl\":\"https:\\\/\\\/www.invictus-event.com\\\/site\\\/wp-content\\\/uploads\\\/2018\\\/02\\\/web-Chateau-Amboise-juin-2013-1.jpg\",\"width\":500,\"height\":365,\"caption\":\"Agence \u00e9v\u00e8nementielle Paris - \u00e9v\u00e8nement Chateau Amboise\"},{\"@type\":\"BreadcrumbList\",\"@id\":\"https:\\\/\\\/www.invictus-event.com\\\/site\\\/nos-organisations-devenements-en-2013\\\/#breadcrumb\",\"itemListElement\":[{\"@type\":\"ListItem\",\"position\":1,\"name\":\"Accueil\",\"item\":\"https:\\\/\\\/www.invictus-event.com\\\/site\\\/\"},{\"@type\":\"ListItem\",\"position\":2,\"name\":\"Ev\u00e9nements 2013\"}]},{\"@type\":\"WebSite\",\"@id\":\"https:\\\/\\\/www.invictus-event.com\\\/site\\\/#website\",\"url\":\"https:\\\/\\\/www.invictus-event.com\\\/site\\\/\",\"name\":\"Invictus Corporate Events - Agence \u00e9v\u00e9nementielle \u00e0 Paris\",\"description\":\"Organisation d&#039;\u00e9v\u00e9nements\",\"potentialAction\":[{\"@type\":\"SearchAction\",\"target\":{\"@type\":\"EntryPoint\",\"urlTemplate\":\"https:\\\/\\\/www.invictus-event.com\\\/site\\\/?s={search_term_string}\"},\"query-input\":{\"@type\":\"PropertyValueSpecification\",\"valueRequired\":true,\"valueName\":\"search_term_string\"}}],\"inLanguage\":\"fr-FR\"},{\"@type\":\"Person\",\"@id\":\"https:\\\/\\\/www.invictus-event.com\\\/site\\\/#\\\/schema\\\/person\\\/07c4bc459df10ac71fad1815ee2a3c46\",\"name\":\"fg-web\",\"image\":{\"@type\":\"ImageObject\",\"inLanguage\":\"fr-FR\",\"@id\":\"https:\\\/\\\/secure.gravatar.com\\\/avatar\\\/ea7adc8c952d42dd6205b8a945cb8b6dbb933a4dfd3b6beead7209a5b3d73884?s=96&d=mm&r=g\",\"url\":\"https:\\\/\\\/secure.gravatar.com\\\/avatar\\\/ea7adc8c952d42dd6205b8a945cb8b6dbb933a4dfd3b6beead7209a5b3d73884?s=96&d=mm&r=g\",\"contentUrl\":\"https:\\\/\\\/secure.gravatar.com\\\/avatar\\\/ea7adc8c952d42dd6205b8a945cb8b6dbb933a4dfd3b6beead7209a5b3d73884?s=96&d=mm&r=g\",\"caption\":\"fg-web\"},\"url\":\"https:\\\/\\\/www.invictus-event.com\\\/site\\\/author\\\/fg-web\\\/\"}]}<\/script>\n<!-- \/ Yoast SEO plugin. -->","yoast_head_json":{"title":"Ev\u00e9nements 2013 - Invictus Corporate Events - Agence \u00e9v\u00e9nementielle \u00e0 Paris","robots":{"index":"index","follow":"follow","max-snippet":"max-snippet:-1","max-image-preview":"max-image-preview:large","max-video-preview":"max-video-preview:-1"},"canonical":"https:\/\/www.invictus-event.com\/site\/nos-organisations-devenements-en-2013\/","og_locale":"fr_FR","og_type":"article","og_title":"Ev\u00e9nements 2013 - Invictus Corporate Events - Agence \u00e9v\u00e9nementielle \u00e0 Paris","og_description":"[vc_row][vc_column width=\u00a0\u00bb1\/4&Prime;][vc_single_image image=\u00a0\u00bb297&Prime; img_size=\u00a0\u00bbfull\u00a0\u00bb][\/vc_column][vc_column width=\u00a0\u00bb3\/4&Prime;][vc_column_text]SOIREE DE FIN D\u2019ANNEE Date : 18 d\u00e9cembre 2013 Lieu : Si\u00e8ge de l\u2019entreprise concern\u00e9e Client: Equipement industriel Format: Une demi-journ\u00e9e \u2013 180 personnes, enfants et parents Soir\u00e9e de fin d\u2019ann\u00e9e dans le showroom du si\u00e8ge de la soci\u00e9t\u00e9 sur le th\u00e8me du Cirque. Nombreuses animations et th\u00e9matique traiteur autour du&hellip;","og_url":"https:\/\/www.invictus-event.com\/site\/nos-organisations-devenements-en-2013\/","og_site_name":"Invictus Corporate Events - Agence \u00e9v\u00e9nementielle \u00e0 Paris","article_published_time":"2018-02-21T15:40:54+00:00","article_modified_time":"2019-02-12T10:31:04+00:00","og_image":[{"width":500,"height":365,"url":"https:\/\/www.invictus-event.com\/site\/wp-content\/uploads\/2018\/02\/web-Chateau-Amboise-juin-2013-1.jpg","type":"image\/jpeg"}],"author":"fg-web","twitter_card":"summary_large_image","twitter_misc":{"\u00c9crit par":"fg-web","Dur\u00e9e de lecture estim\u00e9e":"12 minutes"},"schema":{"@context":"https:\/\/schema.org","@graph":[{"@type":"Article","@id":"https:\/\/www.invictus-event.com\/site\/nos-organisations-devenements-en-2013\/#article","isPartOf":{"@id":"https:\/\/www.invictus-event.com\/site\/nos-organisations-devenements-en-2013\/"},"author":{"name":"fg-web","@id":"https:\/\/www.invictus-event.com\/site\/#\/schema\/person\/07c4bc459df10ac71fad1815ee2a3c46"},"headline":"Ev\u00e9nements 2013","datePublished":"2018-02-21T15:40:54+00:00","dateModified":"2019-02-12T10:31:04+00:00","mainEntityOfPage":{"@id":"https:\/\/www.invictus-event.com\/site\/nos-organisations-devenements-en-2013\/"},"wordCount":2443,"image":{"@id":"https:\/\/www.invictus-event.com\/site\/nos-organisations-devenements-en-2013\/#primaryimage"},"thumbnailUrl":"https:\/\/www.invictus-event.com\/site\/wp-content\/uploads\/2018\/02\/web-Chateau-Amboise-juin-2013-1.jpg","inLanguage":"fr-FR"},{"@type":"WebPage","@id":"https:\/\/www.invictus-event.com\/site\/nos-organisations-devenements-en-2013\/","url":"https:\/\/www.invictus-event.com\/site\/nos-organisations-devenements-en-2013\/","name":"Ev\u00e9nements 2013 - Invictus Corporate Events - Agence \u00e9v\u00e9nementielle \u00e0 Paris","isPartOf":{"@id":"https:\/\/www.invictus-event.com\/site\/#website"},"primaryImageOfPage":{"@id":"https:\/\/www.invictus-event.com\/site\/nos-organisations-devenements-en-2013\/#primaryimage"},"image":{"@id":"https:\/\/www.invictus-event.com\/site\/nos-organisations-devenements-en-2013\/#primaryimage"},"thumbnailUrl":"https:\/\/www.invictus-event.com\/site\/wp-content\/uploads\/2018\/02\/web-Chateau-Amboise-juin-2013-1.jpg","datePublished":"2018-02-21T15:40:54+00:00","dateModified":"2019-02-12T10:31:04+00:00","author":{"@id":"https:\/\/www.invictus-event.com\/site\/#\/schema\/person\/07c4bc459df10ac71fad1815ee2a3c46"},"breadcrumb":{"@id":"https:\/\/www.invictus-event.com\/site\/nos-organisations-devenements-en-2013\/#breadcrumb"},"inLanguage":"fr-FR","potentialAction":[{"@type":"ReadAction","target":["https:\/\/www.invictus-event.com\/site\/nos-organisations-devenements-en-2013\/"]}]},{"@type":"ImageObject","inLanguage":"fr-FR","@id":"https:\/\/www.invictus-event.com\/site\/nos-organisations-devenements-en-2013\/#primaryimage","url":"https:\/\/www.invictus-event.com\/site\/wp-content\/uploads\/2018\/02\/web-Chateau-Amboise-juin-2013-1.jpg","contentUrl":"https:\/\/www.invictus-event.com\/site\/wp-content\/uploads\/2018\/02\/web-Chateau-Amboise-juin-2013-1.jpg","width":500,"height":365,"caption":"Agence \u00e9v\u00e8nementielle Paris - \u00e9v\u00e8nement Chateau Amboise"},{"@type":"BreadcrumbList","@id":"https:\/\/www.invictus-event.com\/site\/nos-organisations-devenements-en-2013\/#breadcrumb","itemListElement":[{"@type":"ListItem","position":1,"name":"Accueil","item":"https:\/\/www.invictus-event.com\/site\/"},{"@type":"ListItem","position":2,"name":"Ev\u00e9nements 2013"}]},{"@type":"WebSite","@id":"https:\/\/www.invictus-event.com\/site\/#website","url":"https:\/\/www.invictus-event.com\/site\/","name":"Invictus Corporate Events - Agence \u00e9v\u00e9nementielle \u00e0 Paris","description":"Organisation d&#039;\u00e9v\u00e9nements","potentialAction":[{"@type":"SearchAction","target":{"@type":"EntryPoint","urlTemplate":"https:\/\/www.invictus-event.com\/site\/?s={search_term_string}"},"query-input":{"@type":"PropertyValueSpecification","valueRequired":true,"valueName":"search_term_string"}}],"inLanguage":"fr-FR"},{"@type":"Person","@id":"https:\/\/www.invictus-event.com\/site\/#\/schema\/person\/07c4bc459df10ac71fad1815ee2a3c46","name":"fg-web","image":{"@type":"ImageObject","inLanguage":"fr-FR","@id":"https:\/\/secure.gravatar.com\/avatar\/ea7adc8c952d42dd6205b8a945cb8b6dbb933a4dfd3b6beead7209a5b3d73884?s=96&d=mm&r=g","url":"https:\/\/secure.gravatar.com\/avatar\/ea7adc8c952d42dd6205b8a945cb8b6dbb933a4dfd3b6beead7209a5b3d73884?s=96&d=mm&r=g","contentUrl":"https:\/\/secure.gravatar.com\/avatar\/ea7adc8c952d42dd6205b8a945cb8b6dbb933a4dfd3b6beead7209a5b3d73884?s=96&d=mm&r=g","caption":"fg-web"},"url":"https:\/\/www.invictus-event.com\/site\/author\/fg-web\/"}]}},"_links":{"self":[{"href":"https:\/\/www.invictus-event.com\/site\/wp-json\/wp\/v2\/posts\/74","targetHints":{"allow":["GET"]}}],"collection":[{"href":"https:\/\/www.invictus-event.com\/site\/wp-json\/wp\/v2\/posts"}],"about":[{"href":"https:\/\/www.invictus-event.com\/site\/wp-json\/wp\/v2\/types\/post"}],"author":[{"embeddable":true,"href":"https:\/\/www.invictus-event.com\/site\/wp-json\/wp\/v2\/users\/1"}],"replies":[{"embeddable":true,"href":"https:\/\/www.invictus-event.com\/site\/wp-json\/wp\/v2\/comments?post=74"}],"version-history":[{"count":4,"href":"https:\/\/www.invictus-event.com\/site\/wp-json\/wp\/v2\/posts\/74\/revisions"}],"predecessor-version":[{"id":1450,"href":"https:\/\/www.invictus-event.com\/site\/wp-json\/wp\/v2\/posts\/74\/revisions\/1450"}],"wp:featuredmedia":[{"embeddable":true,"href":"https:\/\/www.invictus-event.com\/site\/wp-json\/wp\/v2\/media\/475"}],"wp:attachment":[{"href":"https:\/\/www.invictus-event.com\/site\/wp-json\/wp\/v2\/media?parent=74"}],"wp:term":[{"taxonomy":"category","embeddable":true,"href":"https:\/\/www.invictus-event.com\/site\/wp-json\/wp\/v2\/categories?post=74"},{"taxonomy":"post_tag","embeddable":true,"href":"https:\/\/www.invictus-event.com\/site\/wp-json\/wp\/v2\/tags?post=74"}],"curies":[{"name":"wp","href":"https:\/\/api.w.org\/{rel}","templated":true}]}}